{"id":992714,"date":"2026-04-22T04:32:48","date_gmt":"2026-04-22T01:32:48","guid":{"rendered":"https:\/\/buyukcekmeceakademi.k12.tr\/the-bayeux-tapestry-revived\/"},"modified":"2026-04-22T04:34:49","modified_gmt":"2026-04-22T01:34:49","slug":"the-bayeux-tapestry-revived","status":"publish","type":"post","link":"https:\/\/buyukcekmeceakademi.k12.tr\/en\/the-bayeux-tapestry-revived\/","title":{"rendered":"The Bayeux Tapestry Comes to Life Again \ud83e\uddf5\u2728"},"content":{"rendered":"<div class=\"vgblk-rw-wrapper limit-wrapper\">Our interdisciplinary project, \u201cThe Bayeux Tapestry Comes to Life Again,\u201d brought together our Social Sciences and Visual Arts departments\u2014and today, we proudly mark its completion.<\/p>\n<p>Working on the Bayeux Tapestry, a masterpiece rich in historical depth and artistic precision, has been one of the most unforgettable journeys at our school.<\/p>\n<p>Two years ago, we set out with a bold vision: to explore and recreate a 70-meter-long narrative from the 11th century. Telling the story of the Battle of Hastings frame by frame\u2014almost like a medieval graphic novel\u2014this iconic work became more than a lesson for us; it became a journey through time.<\/p>\n<p>It wasn\u2019t always easy. We faced significant challenges, especially with time. Every figure required careful historical research, and translating the spirit of the era into art meant racing against the clock. Some scenes took weeks to complete. At times, the scale of the project felt overwhelming.<\/p>\n<p>But through every challenge, we learned how deeply history and art can intertwine. While uncovering the political and social layers behind each event, our Visual Arts students, guided by their teacher, brought these insights to life through color and line.<\/p>\n<p>What emerged in the end is not just a replica\u2014but a testament to patience, research, and the power of collaboration.<\/p>\n<p>Now, as we look at the iconic scenes of the Bayeux Tapestry, we don\u2019t only see the Norman conquest of England\u2014we see our own story reflected within it: a story of determination, unity, and shared success.<\/p>\n<p>We extend our heartfelt thanks to everyone who supported us along the way, and invite you to experience this unique fusion of history and art.<\/p>\n<div id='gallery-1' class='gallery galleryid-992714 gallery-columns-1 gallery-size-full'><figure class='gallery-item'>\n\t\t\t<div class='gallery-icon portrait'>\n\t\t\t\t<a href='https:\/\/buyukcekmeceakademi.k12.tr\/en\/the-bayeux-tapestry-revived\/whatsapp-image-2026-04-21-at-14-27-24-2\/'><img loading=\"lazy\" decoding=\"async\" width=\"1200\" height=\"1600\" src=\"https:\/\/buyukcekmeceakademi.k12.tr\/wp-content\/uploads\/2026\/04\/WhatsApp-Image-2026-04-21-at-14.27.24.jpeg\" class=\"attachment-full size-full\" alt=\"\" srcset=\"https:\/\/buyukcekmeceakademi.k12.tr\/wp-content\/uploads\/2026\/04\/WhatsApp-Image-2026-04-21-at-14.27.24.jpeg 1200w, https:\/\/buyukcekmeceakademi.k12.tr\/wp-content\/uploads\/2026\/04\/WhatsApp-Image-2026-04-21-at-14.27.24-225x300.jpeg 225w, https:\/\/buyukcekmeceakademi.k12.tr\/wp-content\/uploads\/2026\/04\/WhatsApp-Image-2026-04-21-at-14.27.24-768x1024.jpeg 768w, https:\/\/buyukcekmeceakademi.k12.tr\/wp-content\/uploads\/2026\/04\/WhatsApp-Image-2026-04-21-at-14.27.24-1152x1536.jpeg 1152w\" sizes=\"auto, (max-width: 1200px) 100vw, 1200px\" \/><\/a>\n\t\t\t<\/div><\/figure><figure class='gallery-item'>\n\t\t\t<div class='gallery-icon portrait'>\n\t\t\t\t<a href='https:\/\/buyukcekmeceakademi.k12.tr\/en\/the-bayeux-tapestry-revived\/whatsapp-image-2026-04-21-at-14-27-30-2\/'><img loading=\"lazy\" decoding=\"async\" width=\"1200\" height=\"1600\" src=\"https:\/\/buyukcekmeceakademi.k12.tr\/wp-content\/uploads\/2026\/04\/WhatsApp-Image-2026-04-21-at-14.27.30.jpeg\" class=\"attachment-full size-full\" alt=\"\" srcset=\"https:\/\/buyukcekmeceakademi.k12.tr\/wp-content\/uploads\/2026\/04\/WhatsApp-Image-2026-04-21-at-14.27.30.jpeg 1200w, https:\/\/buyukcekmeceakademi.k12.tr\/wp-content\/uploads\/2026\/04\/WhatsApp-Image-2026-04-21-at-14.27.30-225x300.jpeg 225w, https:\/\/buyukcekmeceakademi.k12.tr\/wp-content\/uploads\/2026\/04\/WhatsApp-Image-2026-04-21-at-14.27.30-768x1024.jpeg 768w, https:\/\/buyukcekmeceakademi.k12.tr\/wp-content\/uploads\/2026\/04\/WhatsApp-Image-2026-04-21-at-14.27.30-1152x1536.jpeg 1152w\" sizes=\"auto, (max-width: 1200px) 100vw, 1200px\" \/><\/a>\n\t\t\t<\/div><\/figure><figure class='gallery-item'>\n\t\t\t<div class='gallery-icon portrait'>\n\t\t\t\t<a href='https:\/\/buyukcekmeceakademi.k12.tr\/en\/the-bayeux-tapestry-revived\/whatsapp-image-2026-04-21-at-14-27-34-2\/'><img loading=\"lazy\" decoding=\"async\" width=\"1200\" height=\"1600\" src=\"https:\/\/buyukcekmeceakademi.k12.tr\/wp-content\/uploads\/2026\/04\/WhatsApp-Image-2026-04-21-at-14.27.34.jpeg\" class=\"attachment-full size-full\" alt=\"\" srcset=\"https:\/\/buyukcekmeceakademi.k12.tr\/wp-content\/uploads\/2026\/04\/WhatsApp-Image-2026-04-21-at-14.27.34.jpeg 1200w, https:\/\/buyukcekmeceakademi.k12.tr\/wp-content\/uploads\/2026\/04\/WhatsApp-Image-2026-04-21-at-14.27.34-225x300.jpeg 225w, https:\/\/buyukcekmeceakademi.k12.tr\/wp-content\/uploads\/2026\/04\/WhatsApp-Image-2026-04-21-at-14.27.34-768x1024.jpeg 768w, https:\/\/buyukcekmeceakademi.k12.tr\/wp-content\/uploads\/2026\/04\/WhatsApp-Image-2026-04-21-at-14.27.34-1152x1536.jpeg 1152w\" sizes=\"auto, (max-width: 1200px) 100vw, 1200px\" \/><\/a>\n\t\t\t<\/div><\/figure><figure class='gallery-item'>\n\t\t\t<div class='gallery-icon portrait'>\n\t\t\t\t<a href='https:\/\/buyukcekmeceakademi.k12.tr\/en\/the-bayeux-tapestry-revived\/whatsapp-image-2026-04-21-at-14-27-51-2\/'><img loading=\"lazy\" decoding=\"async\" width=\"1200\" height=\"1600\" src=\"https:\/\/buyukcekmeceakademi.k12.tr\/wp-content\/uploads\/2026\/04\/WhatsApp-Image-2026-04-21-at-14.27.51.jpeg\" class=\"attachment-full size-full\" alt=\"\" srcset=\"https:\/\/buyukcekmeceakademi.k12.tr\/wp-content\/uploads\/2026\/04\/WhatsApp-Image-2026-04-21-at-14.27.51.jpeg 1200w, https:\/\/buyukcekmeceakademi.k12.tr\/wp-content\/uploads\/2026\/04\/WhatsApp-Image-2026-04-21-at-14.27.51-225x300.jpeg 225w, https:\/\/buyukcekmeceakademi.k12.tr\/wp-content\/uploads\/2026\/04\/WhatsApp-Image-2026-04-21-at-14.27.51-768x1024.jpeg 768w, https:\/\/buyukcekmeceakademi.k12.tr\/wp-content\/uploads\/2026\/04\/WhatsApp-Image-2026-04-21-at-14.27.51-1152x1536.jpeg 1152w\" sizes=\"auto, (max-width: 1200px) 100vw, 1200px\" \/><\/a>\n\t\t\t<\/div><\/figure><figure class='gallery-item'>\n\t\t\t<div class='gallery-icon portrait'>\n\t\t\t\t<a href='https:\/\/buyukcekmeceakademi.k12.tr\/en\/the-bayeux-tapestry-revived\/whatsapp-image-2026-04-21-at-14-30-28-2\/'><img loading=\"lazy\" decoding=\"async\" width=\"1200\" height=\"1600\" src=\"https:\/\/buyukcekmeceakademi.k12.tr\/wp-content\/uploads\/2026\/04\/WhatsApp-Image-2026-04-21-at-14.30.28.jpeg\" class=\"attachment-full size-full\" alt=\"\" srcset=\"https:\/\/buyukcekmeceakademi.k12.tr\/wp-content\/uploads\/2026\/04\/WhatsApp-Image-2026-04-21-at-14.30.28.jpeg 1200w, https:\/\/buyukcekmeceakademi.k12.tr\/wp-content\/uploads\/2026\/04\/WhatsApp-Image-2026-04-21-at-14.30.28-225x300.jpeg 225w, https:\/\/buyukcekmeceakademi.k12.tr\/wp-content\/uploads\/2026\/04\/WhatsApp-Image-2026-04-21-at-14.30.28-768x1024.jpeg 768w, https:\/\/buyukcekmeceakademi.k12.tr\/wp-content\/uploads\/2026\/04\/WhatsApp-Image-2026-04-21-at-14.30.28-1152x1536.jpeg 1152w\" sizes=\"auto, (max-width: 1200px) 100vw, 1200px\" \/><\/a>\n\t\t\t<\/div><\/figure>\n\t\t<\/div>\n<\/div>\n<p><!-- .vgblk-rw-wrapper --><\/p>\n","protected":false},"excerpt":{"rendered":"<p>Our interdisciplinary project, \u201cThe Bayeux Tapestry Comes to Life Again,\u201d brought together our Social Sciences and Visual Arts departments\u2014and today, we proudly mark its completion. Working on the Bayeux Tapestry, a masterpiece rich in historical depth and artistic precision, has been one of the most unforgettable journeys at our school. Two years ago, we set&#8230;<\/p>\n","protected":false},"author":1,"featured_media":0,"comment_status":"closed","ping_status":"closed","sticky":false,"template":"","format":"standard","meta":{"footnotes":""},"categories":[52],"tags":[],"class_list":["post-992714","post","type-post","status-publish","format-standard","hentry","category-announcements"],"yoast_head":"<!-- This site is optimized with the Yoast SEO plugin v26.4 - https:\/\/yoast.com\/wordpress\/plugins\/seo\/ -->\n<title>The Bayeux Tapestry Comes to Life Again \ud83e\uddf5\u2728 - Akademi Koleji<\/title>\n<meta name=\"robots\" content=\"index, follow, max-snippet:-1, max-image-preview:large, max-video-preview:-1\" \/>\n<link rel=\"canonical\" href=\"https:\/\/buyukcekmeceakademi.k12.tr\/en\/the-bayeux-tapestry-revived\/\" \/>\n<meta property=\"og:locale\" content=\"en_US\" \/>\n<meta property=\"og:type\" content=\"article\" \/>\n<meta property=\"og:title\" content=\"The Bayeux Tapestry Comes to Life Again \ud83e\uddf5\u2728 - Akademi Koleji\" \/>\n<meta property=\"og:description\" content=\"Our interdisciplinary project, \u201cThe Bayeux Tapestry Comes to Life Again,\u201d brought together our Social Sciences and Visual Arts departments\u2014and today, we proudly mark its completion. Working on the Bayeux Tapestry, a masterpiece rich in historical depth and artistic precision, has been one of the most unforgettable journeys at our school. Two years ago, we set...\" \/>\n<meta property=\"og:url\" content=\"https:\/\/buyukcekmeceakademi.k12.tr\/en\/the-bayeux-tapestry-revived\/\" \/>\n<meta property=\"og:site_name\" content=\"Akademi Koleji\" \/>\n<meta property=\"article:publisher\" content=\"https:\/\/www.facebook.com\/akademikolej\/\" \/>\n<meta property=\"article:published_time\" content=\"2026-04-22T01:32:48+00:00\" \/>\n<meta property=\"article:modified_time\" content=\"2026-04-22T01:34:49+00:00\" \/>\n<meta name=\"author\" content=\"Akademi\" \/>\n<meta name=\"twitter:card\" content=\"summary_large_image\" \/>\n<meta name=\"twitter:label1\" content=\"Written by\" \/>\n\t<meta name=\"twitter:data1\" content=\"Akademi\" \/>\n\t<meta name=\"twitter:label2\" content=\"Est. reading time\" \/>\n\t<meta name=\"twitter:data2\" content=\"2 minutes\" \/>\n<script type=\"application\/ld+json\" class=\"yoast-schema-graph\">{\"@context\":\"https:\/\/schema.org\",\"@graph\":[{\"@type\":\"Article\",\"@id\":\"https:\/\/buyukcekmeceakademi.k12.tr\/en\/the-bayeux-tapestry-revived\/#article\",\"isPartOf\":{\"@id\":\"https:\/\/buyukcekmeceakademi.k12.tr\/en\/the-bayeux-tapestry-revived\/\"},\"author\":{\"name\":\"Akademi\",\"@id\":\"https:\/\/buyukcekmeceakademi.k12.tr\/en\/#\/schema\/person\/cab6e8c9a3c77d126003192190f2d682\"},\"headline\":\"The Bayeux Tapestry Comes to Life Again \ud83e\uddf5\u2728\",\"datePublished\":\"2026-04-22T01:32:48+00:00\",\"dateModified\":\"2026-04-22T01:34:49+00:00\",\"mainEntityOfPage\":{\"@id\":\"https:\/\/buyukcekmeceakademi.k12.tr\/en\/the-bayeux-tapestry-revived\/\"},\"wordCount\":288,\"publisher\":{\"@id\":\"https:\/\/buyukcekmeceakademi.k12.tr\/en\/#organization\"},\"articleSection\":[\"Announcements\"],\"inLanguage\":\"en-US\"},{\"@type\":\"WebPage\",\"@id\":\"https:\/\/buyukcekmeceakademi.k12.tr\/en\/the-bayeux-tapestry-revived\/\",\"url\":\"https:\/\/buyukcekmeceakademi.k12.tr\/en\/the-bayeux-tapestry-revived\/\",\"name\":\"The Bayeux Tapestry Comes to Life Again \ud83e\uddf5\u2728 - Akademi Koleji\",\"isPartOf\":{\"@id\":\"https:\/\/buyukcekmeceakademi.k12.tr\/en\/#website\"},\"datePublished\":\"2026-04-22T01:32:48+00:00\",\"dateModified\":\"2026-04-22T01:34:49+00:00\",\"breadcrumb\":{\"@id\":\"https:\/\/buyukcekmeceakademi.k12.tr\/en\/the-bayeux-tapestry-revived\/#breadcrumb\"},\"inLanguage\":\"en-US\",\"potentialAction\":[{\"@type\":\"ReadAction\",\"target\":[\"https:\/\/buyukcekmeceakademi.k12.tr\/en\/the-bayeux-tapestry-revived\/\"]}]},{\"@type\":\"BreadcrumbList\",\"@id\":\"https:\/\/buyukcekmeceakademi.k12.tr\/en\/the-bayeux-tapestry-revived\/#breadcrumb\",\"itemListElement\":[{\"@type\":\"ListItem\",\"position\":1,\"name\":\"Home\",\"item\":\"https:\/\/buyukcekmeceakademi.k12.tr\/en\/\"},{\"@type\":\"ListItem\",\"position\":2,\"name\":\"The Bayeux Tapestry Comes to Life Again \ud83e\uddf5\u2728\"}]},{\"@type\":\"WebSite\",\"@id\":\"https:\/\/buyukcekmeceakademi.k12.tr\/en\/#website\",\"url\":\"https:\/\/buyukcekmeceakademi.k12.tr\/en\/\",\"name\":\"Akademi Koleji\",\"description\":\"B\u00fcy\u00fck\u00e7ekmece Akademi \u00d6zel Okullar\u0131\",\"publisher\":{\"@id\":\"https:\/\/buyukcekmeceakademi.k12.tr\/en\/#organization\"},\"potentialAction\":[{\"@type\":\"SearchAction\",\"target\":{\"@type\":\"EntryPoint\",\"urlTemplate\":\"https:\/\/buyukcekmeceakademi.k12.tr\/en\/?s={search_term_string}\"},\"query-input\":{\"@type\":\"PropertyValueSpecification\",\"valueRequired\":true,\"valueName\":\"search_term_string\"}}],\"inLanguage\":\"en-US\"},{\"@type\":\"Organization\",\"@id\":\"https:\/\/buyukcekmeceakademi.k12.tr\/en\/#organization\",\"name\":\"Akademi Koleji\",\"url\":\"https:\/\/buyukcekmeceakademi.k12.tr\/en\/\",\"logo\":{\"@type\":\"ImageObject\",\"inLanguage\":\"en-US\",\"@id\":\"https:\/\/buyukcekmeceakademi.k12.tr\/en\/#\/schema\/logo\/image\/\",\"url\":\"https:\/\/buyukcekmeceakademi.k12.tr\/wp-content\/uploads\/2020\/02\/logo-1.png\",\"contentUrl\":\"https:\/\/buyukcekmeceakademi.k12.tr\/wp-content\/uploads\/2020\/02\/logo-1.png\",\"width\":1757,\"height\":553,\"caption\":\"Akademi Koleji\"},\"image\":{\"@id\":\"https:\/\/buyukcekmeceakademi.k12.tr\/en\/#\/schema\/logo\/image\/\"},\"sameAs\":[\"https:\/\/www.facebook.com\/akademikolej\/\",\"https:\/\/instagram.com\/buyukcekmeceakademiozelokullar\"]},{\"@type\":\"Person\",\"@id\":\"https:\/\/buyukcekmeceakademi.k12.tr\/en\/#\/schema\/person\/cab6e8c9a3c77d126003192190f2d682\",\"name\":\"Akademi\",\"image\":{\"@type\":\"ImageObject\",\"inLanguage\":\"en-US\",\"@id\":\"https:\/\/buyukcekmeceakademi.k12.tr\/en\/#\/schema\/person\/image\/\",\"url\":\"https:\/\/secure.gravatar.com\/avatar\/fd7ee0e39430b73a90d141bfcd886ffc9b1f217d5f26c034ad3a44391ed97715?s=96&d=mm&r=g\",\"contentUrl\":\"https:\/\/secure.gravatar.com\/avatar\/fd7ee0e39430b73a90d141bfcd886ffc9b1f217d5f26c034ad3a44391ed97715?s=96&d=mm&r=g\",\"caption\":\"Akademi\"},\"sameAs\":[\"https:\/\/buyukcekmeceakademi.k12.tr\"],\"url\":\"https:\/\/buyukcekmeceakademi.k12.tr\/en\/author\/Akademi\/\"}]}<\/script>\n<!-- \/ Yoast SEO plugin. -->","yoast_head_json":{"title":"The Bayeux Tapestry Comes to Life Again \ud83e\uddf5\u2728 - Akademi Koleji","robots":{"index":"index","follow":"follow","max-snippet":"max-snippet:-1","max-image-preview":"max-image-preview:large","max-video-preview":"max-video-preview:-1"},"canonical":"https:\/\/buyukcekmeceakademi.k12.tr\/en\/the-bayeux-tapestry-revived\/","og_locale":"en_US","og_type":"article","og_title":"The Bayeux Tapestry Comes to Life Again \ud83e\uddf5\u2728 - Akademi Koleji","og_description":"Our interdisciplinary project, \u201cThe Bayeux Tapestry Comes to Life Again,\u201d brought together our Social Sciences and Visual Arts departments\u2014and today, we proudly mark its completion. Working on the Bayeux Tapestry, a masterpiece rich in historical depth and artistic precision, has been one of the most unforgettable journeys at our school. Two years ago, we set...","og_url":"https:\/\/buyukcekmeceakademi.k12.tr\/en\/the-bayeux-tapestry-revived\/","og_site_name":"Akademi Koleji","article_publisher":"https:\/\/www.facebook.com\/akademikolej\/","article_published_time":"2026-04-22T01:32:48+00:00","article_modified_time":"2026-04-22T01:34:49+00:00","author":"Akademi","twitter_card":"summary_large_image","twitter_misc":{"Written by":"Akademi","Est. reading time":"2 minutes"},"schema":{"@context":"https:\/\/schema.org","@graph":[{"@type":"Article","@id":"https:\/\/buyukcekmeceakademi.k12.tr\/en\/the-bayeux-tapestry-revived\/#article","isPartOf":{"@id":"https:\/\/buyukcekmeceakademi.k12.tr\/en\/the-bayeux-tapestry-revived\/"},"author":{"name":"Akademi","@id":"https:\/\/buyukcekmeceakademi.k12.tr\/en\/#\/schema\/person\/cab6e8c9a3c77d126003192190f2d682"},"headline":"The Bayeux Tapestry Comes to Life Again \ud83e\uddf5\u2728","datePublished":"2026-04-22T01:32:48+00:00","dateModified":"2026-04-22T01:34:49+00:00","mainEntityOfPage":{"@id":"https:\/\/buyukcekmeceakademi.k12.tr\/en\/the-bayeux-tapestry-revived\/"},"wordCount":288,"publisher":{"@id":"https:\/\/buyukcekmeceakademi.k12.tr\/en\/#organization"},"articleSection":["Announcements"],"inLanguage":"en-US"},{"@type":"WebPage","@id":"https:\/\/buyukcekmeceakademi.k12.tr\/en\/the-bayeux-tapestry-revived\/","url":"https:\/\/buyukcekmeceakademi.k12.tr\/en\/the-bayeux-tapestry-revived\/","name":"The Bayeux Tapestry Comes to Life Again \ud83e\uddf5\u2728 - Akademi Koleji","isPartOf":{"@id":"https:\/\/buyukcekmeceakademi.k12.tr\/en\/#website"},"datePublished":"2026-04-22T01:32:48+00:00","dateModified":"2026-04-22T01:34:49+00:00","breadcrumb":{"@id":"https:\/\/buyukcekmeceakademi.k12.tr\/en\/the-bayeux-tapestry-revived\/#breadcrumb"},"inLanguage":"en-US","potentialAction":[{"@type":"ReadAction","target":["https:\/\/buyukcekmeceakademi.k12.tr\/en\/the-bayeux-tapestry-revived\/"]}]},{"@type":"BreadcrumbList","@id":"https:\/\/buyukcekmeceakademi.k12.tr\/en\/the-bayeux-tapestry-revived\/#breadcrumb","itemListElement":[{"@type":"ListItem","position":1,"name":"Home","item":"https:\/\/buyukcekmeceakademi.k12.tr\/en\/"},{"@type":"ListItem","position":2,"name":"The Bayeux Tapestry Comes to Life Again \ud83e\uddf5\u2728"}]},{"@type":"WebSite","@id":"https:\/\/buyukcekmeceakademi.k12.tr\/en\/#website","url":"https:\/\/buyukcekmeceakademi.k12.tr\/en\/","name":"Akademi Koleji","description":"B\u00fcy\u00fck\u00e7ekmece Akademi \u00d6zel Okullar\u0131","publisher":{"@id":"https:\/\/buyukcekmeceakademi.k12.tr\/en\/#organization"},"potentialAction":[{"@type":"SearchAction","target":{"@type":"EntryPoint","urlTemplate":"https:\/\/buyukcekmeceakademi.k12.tr\/en\/?s={search_term_string}"},"query-input":{"@type":"PropertyValueSpecification","valueRequired":true,"valueName":"search_term_string"}}],"inLanguage":"en-US"},{"@type":"Organization","@id":"https:\/\/buyukcekmeceakademi.k12.tr\/en\/#organization","name":"Akademi Koleji","url":"https:\/\/buyukcekmeceakademi.k12.tr\/en\/","logo":{"@type":"ImageObject","inLanguage":"en-US","@id":"https:\/\/buyukcekmeceakademi.k12.tr\/en\/#\/schema\/logo\/image\/","url":"https:\/\/buyukcekmeceakademi.k12.tr\/wp-content\/uploads\/2020\/02\/logo-1.png","contentUrl":"https:\/\/buyukcekmeceakademi.k12.tr\/wp-content\/uploads\/2020\/02\/logo-1.png","width":1757,"height":553,"caption":"Akademi Koleji"},"image":{"@id":"https:\/\/buyukcekmeceakademi.k12.tr\/en\/#\/schema\/logo\/image\/"},"sameAs":["https:\/\/www.facebook.com\/akademikolej\/","https:\/\/instagram.com\/buyukcekmeceakademiozelokullar"]},{"@type":"Person","@id":"https:\/\/buyukcekmeceakademi.k12.tr\/en\/#\/schema\/person\/cab6e8c9a3c77d126003192190f2d682","name":"Akademi","image":{"@type":"ImageObject","inLanguage":"en-US","@id":"https:\/\/buyukcekmeceakademi.k12.tr\/en\/#\/schema\/person\/image\/","url":"https:\/\/secure.gravatar.com\/avatar\/fd7ee0e39430b73a90d141bfcd886ffc9b1f217d5f26c034ad3a44391ed97715?s=96&d=mm&r=g","contentUrl":"https:\/\/secure.gravatar.com\/avatar\/fd7ee0e39430b73a90d141bfcd886ffc9b1f217d5f26c034ad3a44391ed97715?s=96&d=mm&r=g","caption":"Akademi"},"sameAs":["https:\/\/buyukcekmeceakademi.k12.tr"],"url":"https:\/\/buyukcekmeceakademi.k12.tr\/en\/author\/Akademi\/"}]}},"_links":{"self":[{"href":"https:\/\/buyukcekmeceakademi.k12.tr\/en\/wp-json\/wp\/v2\/posts\/992714","targetHints":{"allow":["GET"]}}],"collection":[{"href":"https:\/\/buyukcekmeceakademi.k12.tr\/en\/wp-json\/wp\/v2\/posts"}],"about":[{"href":"https:\/\/buyukcekmeceakademi.k12.tr\/en\/wp-json\/wp\/v2\/types\/post"}],"author":[{"embeddable":true,"href":"https:\/\/buyukcekmeceakademi.k12.tr\/en\/wp-json\/wp\/v2\/users\/1"}],"replies":[{"embeddable":true,"href":"https:\/\/buyukcekmeceakademi.k12.tr\/en\/wp-json\/wp\/v2\/comments?post=992714"}],"version-history":[{"count":1,"href":"https:\/\/buyukcekmeceakademi.k12.tr\/en\/wp-json\/wp\/v2\/posts\/992714\/revisions"}],"predecessor-version":[{"id":992720,"href":"https:\/\/buyukcekmeceakademi.k12.tr\/en\/wp-json\/wp\/v2\/posts\/992714\/revisions\/992720"}],"wp:attachment":[{"href":"https:\/\/buyukcekmeceakademi.k12.tr\/en\/wp-json\/wp\/v2\/media?parent=992714"}],"wp:term":[{"taxonomy":"category","embeddable":true,"href":"https:\/\/buyukcekmeceakademi.k12.tr\/en\/wp-json\/wp\/v2\/categories?post=992714"},{"taxonomy":"post_tag","embeddable":true,"href":"https:\/\/buyukcekmeceakademi.k12.tr\/en\/wp-json\/wp\/v2\/tags?post=992714"}],"curies":[{"name":"wp","href":"https:\/\/api.w.org\/{rel}","templated":true}]}}