{"id":992680,"date":"2026-03-28T22:43:55","date_gmt":"2026-03-28T19:43:55","guid":{"rendered":"https:\/\/buyukcekmeceakademi.k12.tr\/our-mathematics-and-coding-exhibition-was-held\/"},"modified":"2026-03-28T22:46:42","modified_gmt":"2026-03-28T19:46:42","slug":"our-mathematics-and-coding-exhibition-was-held","status":"publish","type":"post","link":"https:\/\/buyukcekmeceakademi.k12.tr\/en\/our-mathematics-and-coding-exhibition-was-held\/","title":{"rendered":"OUR MATH &#038; COD\u0130NG EXH\u0130B\u0130T\u0130ON TOOK PLACE!"},"content":{"rendered":"<div class=\"vgblk-rw-wrapper limit-wrapper\">\n<p class=\"s2\"><span class=\"s5\">Our<\/span> <span class=\"s5\">students<\/span> <span class=\"s5\">showcased<\/span> <span class=\"s5\">their<\/span> <span class=\"s5\">coding<\/span> <span class=\"s5\">projects<\/span> <span class=\"s5\">and<\/span> <span class=\"s5\">function<\/span> <span class=\"s5\">cities<\/span><span class=\"s5\">, <\/span><span class=\"s5\">beautifully<\/span> <span class=\"s5\">reflecting<\/span> <span class=\"s5\">their<\/span><span class=\"s5\">crea<\/span><span class=\"s5\">tivity<\/span> <span class=\"s5\">and<\/span> <span class=\"s5\">analytical<\/span> <span class=\"s5\">thinking<\/span><span class=\"s5\">.<\/span><\/p>\n<p class=\"s2\"><span class=\"s5\">By<\/span> <span class=\"s5\">combining<\/span> <span class=\"s5\">technology<\/span> <span class=\"s5\">and<\/span> <span class=\"s5\">mathematics<\/span><span class=\"s5\">, <\/span><span class=\"s5\">the<\/span> <span class=\"s5\">exhibition<\/span> <span class=\"s5\">offered<\/span><span class=\"s5\"> an <\/span><span class=\"s5\">inspiring<\/span> <span class=\"s5\">experience<\/span> <span class=\"s5\">for<\/span><span class=\"s5\">all<\/span> <span class=\"s5\">participants<\/span><span class=\"s5\">, <\/span><a name=\"_GoBack\"><\/a><span class=\"s5\">highlighting<\/span> <span class=\"s5\">the<\/span> <span class=\"s5\">power<\/span><span class=\"s5\"> of <\/span><span class=\"s5\">innovation<\/span> <span class=\"s5\">and<\/span> <span class=\"s5\">imagination<\/span><span class=\"s5\">.<\/span><\/p>\n<p><img loading=\"lazy\" decoding=\"async\" class=\"alignnone size-full wp-image-992673\" src=\"https:\/\/buyukcekmeceakademi.k12.tr\/wp-content\/uploads\/2026\/03\/WhatsApp-Image-2026-03-27-at-15.22.03-1.jpeg\" alt=\"\" width=\"1536\" height=\"2048\" srcset=\"https:\/\/buyukcekmeceakademi.k12.tr\/wp-content\/uploads\/2026\/03\/WhatsApp-Image-2026-03-27-at-15.22.03-1.jpeg 1536w, https:\/\/buyukcekmeceakademi.k12.tr\/wp-content\/uploads\/2026\/03\/WhatsApp-Image-2026-03-27-at-15.22.03-1-225x300.jpeg 225w, https:\/\/buyukcekmeceakademi.k12.tr\/wp-content\/uploads\/2026\/03\/WhatsApp-Image-2026-03-27-at-15.22.03-1-768x1024.jpeg 768w, https:\/\/buyukcekmeceakademi.k12.tr\/wp-content\/uploads\/2026\/03\/WhatsApp-Image-2026-03-27-at-15.22.03-1-1152x1536.jpeg 1152w\" sizes=\"auto, (max-width: 1536px) 100vw, 1536px\" \/> <img loading=\"lazy\" decoding=\"async\" class=\"alignnone size-full wp-image-992674\" src=\"https:\/\/buyukcekmeceakademi.k12.tr\/wp-content\/uploads\/2026\/03\/WhatsApp-Image-2026-03-27-at-15.22.04-1.jpeg\" alt=\"\" width=\"1536\" height=\"2048\" srcset=\"https:\/\/buyukcekmeceakademi.k12.tr\/wp-content\/uploads\/2026\/03\/WhatsApp-Image-2026-03-27-at-15.22.04-1.jpeg 1536w, https:\/\/buyukcekmeceakademi.k12.tr\/wp-content\/uploads\/2026\/03\/WhatsApp-Image-2026-03-27-at-15.22.04-1-225x300.jpeg 225w, https:\/\/buyukcekmeceakademi.k12.tr\/wp-content\/uploads\/2026\/03\/WhatsApp-Image-2026-03-27-at-15.22.04-1-768x1024.jpeg 768w, https:\/\/buyukcekmeceakademi.k12.tr\/wp-content\/uploads\/2026\/03\/WhatsApp-Image-2026-03-27-at-15.22.04-1-1152x1536.jpeg 1152w\" sizes=\"auto, (max-width: 1536px) 100vw, 1536px\" \/> <img loading=\"lazy\" decoding=\"async\" class=\"alignnone size-full wp-image-992675\" src=\"https:\/\/buyukcekmeceakademi.k12.tr\/wp-content\/uploads\/2026\/03\/WhatsApp-Image-2026-03-27-at-15.22.06-4.jpeg\" alt=\"\" width=\"1536\" height=\"2048\" srcset=\"https:\/\/buyukcekmeceakademi.k12.tr\/wp-content\/uploads\/2026\/03\/WhatsApp-Image-2026-03-27-at-15.22.06-4.jpeg 1536w, https:\/\/buyukcekmeceakademi.k12.tr\/wp-content\/uploads\/2026\/03\/WhatsApp-Image-2026-03-27-at-15.22.06-4-225x300.jpeg 225w, https:\/\/buyukcekmeceakademi.k12.tr\/wp-content\/uploads\/2026\/03\/WhatsApp-Image-2026-03-27-at-15.22.06-4-768x1024.jpeg 768w, https:\/\/buyukcekmeceakademi.k12.tr\/wp-content\/uploads\/2026\/03\/WhatsApp-Image-2026-03-27-at-15.22.06-4-1152x1536.jpeg 1152w\" sizes=\"auto, (max-width: 1536px) 100vw, 1536px\" \/> <img loading=\"lazy\" decoding=\"async\" class=\"alignnone size-full wp-image-992676\" src=\"https:\/\/buyukcekmeceakademi.k12.tr\/wp-content\/uploads\/2026\/03\/WhatsApp-Image-2026-03-27-at-15.22.06.jpeg\" alt=\"\" width=\"1536\" height=\"2048\" srcset=\"https:\/\/buyukcekmeceakademi.k12.tr\/wp-content\/uploads\/2026\/03\/WhatsApp-Image-2026-03-27-at-15.22.06.jpeg 1536w, https:\/\/buyukcekmeceakademi.k12.tr\/wp-content\/uploads\/2026\/03\/WhatsApp-Image-2026-03-27-at-15.22.06-225x300.jpeg 225w, https:\/\/buyukcekmeceakademi.k12.tr\/wp-content\/uploads\/2026\/03\/WhatsApp-Image-2026-03-27-at-15.22.06-768x1024.jpeg 768w, https:\/\/buyukcekmeceakademi.k12.tr\/wp-content\/uploads\/2026\/03\/WhatsApp-Image-2026-03-27-at-15.22.06-1152x1536.jpeg 1152w\" sizes=\"auto, (max-width: 1536px) 100vw, 1536px\" \/><\/div>\n<p><!-- .vgblk-rw-wrapper --><\/p>\n","protected":false},"excerpt":{"rendered":"<p>Our students showcased their coding projects and function cities, beautifully reflecting theircreativity and analytical thinking. By combining technology and mathematics, the exhibition offered an inspiring experience forall participants, highlighting the power of innovation and imagination.<\/p>\n","protected":false},"author":1,"featured_media":0,"comment_status":"closed","ping_status":"closed","sticky":false,"template":"","format":"standard","meta":{"footnotes":""},"categories":[52],"tags":[],"class_list":["post-992680","post","type-post","status-publish","format-standard","hentry","category-announcements"],"yoast_head":"<!-- This site is optimized with the Yoast SEO plugin v26.4 - https:\/\/yoast.com\/wordpress\/plugins\/seo\/ -->\n<title>OUR MATH &amp; COD\u0130NG EXH\u0130B\u0130T\u0130ON TOOK PLACE! - Akademi Koleji<\/title>\n<meta name=\"robots\" content=\"index, follow, max-snippet:-1, max-image-preview:large, max-video-preview:-1\" \/>\n<link rel=\"canonical\" href=\"https:\/\/buyukcekmeceakademi.k12.tr\/en\/our-mathematics-and-coding-exhibition-was-held\/\" \/>\n<meta property=\"og:locale\" content=\"en_US\" \/>\n<meta property=\"og:type\" content=\"article\" \/>\n<meta property=\"og:title\" content=\"OUR MATH &amp; COD\u0130NG EXH\u0130B\u0130T\u0130ON TOOK PLACE! - Akademi Koleji\" \/>\n<meta property=\"og:description\" content=\"Our students showcased their coding projects and function cities, beautifully reflecting theircreativity and analytical thinking. By combining technology and mathematics, the exhibition offered an inspiring experience forall participants, highlighting the power of innovation and imagination.\" \/>\n<meta property=\"og:url\" content=\"https:\/\/buyukcekmeceakademi.k12.tr\/en\/our-mathematics-and-coding-exhibition-was-held\/\" \/>\n<meta property=\"og:site_name\" content=\"Akademi Koleji\" \/>\n<meta property=\"article:publisher\" content=\"https:\/\/www.facebook.com\/akademikolej\/\" \/>\n<meta property=\"article:published_time\" content=\"2026-03-28T19:43:55+00:00\" \/>\n<meta property=\"article:modified_time\" content=\"2026-03-28T19:46:42+00:00\" \/>\n<meta property=\"og:image\" content=\"https:\/\/buyukcekmeceakademi.k12.tr\/wp-content\/uploads\/2026\/03\/WhatsApp-Image-2026-03-27-at-15.22.03-1.jpeg\" \/>\n\t<meta property=\"og:image:width\" content=\"1536\" \/>\n\t<meta property=\"og:image:height\" content=\"2048\" \/>\n\t<meta property=\"og:image:type\" content=\"image\/jpeg\" \/>\n<meta name=\"author\" content=\"Akademi\" \/>\n<meta name=\"twitter:card\" content=\"summary_large_image\" \/>\n<meta name=\"twitter:label1\" content=\"Written by\" \/>\n\t<meta name=\"twitter:data1\" content=\"Akademi\" \/>\n\t<meta name=\"twitter:label2\" content=\"Est. reading time\" \/>\n\t<meta name=\"twitter:data2\" content=\"2 minutes\" \/>\n<script type=\"application\/ld+json\" class=\"yoast-schema-graph\">{\"@context\":\"https:\/\/schema.org\",\"@graph\":[{\"@type\":\"Article\",\"@id\":\"https:\/\/buyukcekmeceakademi.k12.tr\/en\/our-mathematics-and-coding-exhibition-was-held\/#article\",\"isPartOf\":{\"@id\":\"https:\/\/buyukcekmeceakademi.k12.tr\/en\/our-mathematics-and-coding-exhibition-was-held\/\"},\"author\":{\"name\":\"Akademi\",\"@id\":\"https:\/\/buyukcekmeceakademi.k12.tr\/en\/#\/schema\/person\/cab6e8c9a3c77d126003192190f2d682\"},\"headline\":\"OUR MATH &#038; COD\u0130NG EXH\u0130B\u0130T\u0130ON TOOK PLACE!\",\"datePublished\":\"2026-03-28T19:43:55+00:00\",\"dateModified\":\"2026-03-28T19:46:42+00:00\",\"mainEntityOfPage\":{\"@id\":\"https:\/\/buyukcekmeceakademi.k12.tr\/en\/our-mathematics-and-coding-exhibition-was-held\/\"},\"wordCount\":48,\"publisher\":{\"@id\":\"https:\/\/buyukcekmeceakademi.k12.tr\/en\/#organization\"},\"image\":{\"@id\":\"https:\/\/buyukcekmeceakademi.k12.tr\/en\/our-mathematics-and-coding-exhibition-was-held\/#primaryimage\"},\"thumbnailUrl\":\"https:\/\/buyukcekmeceakademi.k12.tr\/wp-content\/uploads\/2026\/03\/WhatsApp-Image-2026-03-27-at-15.22.03-1.jpeg\",\"articleSection\":[\"Announcements\"],\"inLanguage\":\"en-US\"},{\"@type\":\"WebPage\",\"@id\":\"https:\/\/buyukcekmeceakademi.k12.tr\/en\/our-mathematics-and-coding-exhibition-was-held\/\",\"url\":\"https:\/\/buyukcekmeceakademi.k12.tr\/en\/our-mathematics-and-coding-exhibition-was-held\/\",\"name\":\"OUR MATH & COD\u0130NG EXH\u0130B\u0130T\u0130ON TOOK PLACE! - Akademi Koleji\",\"isPartOf\":{\"@id\":\"https:\/\/buyukcekmeceakademi.k12.tr\/en\/#website\"},\"primaryImageOfPage\":{\"@id\":\"https:\/\/buyukcekmeceakademi.k12.tr\/en\/our-mathematics-and-coding-exhibition-was-held\/#primaryimage\"},\"image\":{\"@id\":\"https:\/\/buyukcekmeceakademi.k12.tr\/en\/our-mathematics-and-coding-exhibition-was-held\/#primaryimage\"},\"thumbnailUrl\":\"https:\/\/buyukcekmeceakademi.k12.tr\/wp-content\/uploads\/2026\/03\/WhatsApp-Image-2026-03-27-at-15.22.03-1.jpeg\",\"datePublished\":\"2026-03-28T19:43:55+00:00\",\"dateModified\":\"2026-03-28T19:46:42+00:00\",\"breadcrumb\":{\"@id\":\"https:\/\/buyukcekmeceakademi.k12.tr\/en\/our-mathematics-and-coding-exhibition-was-held\/#breadcrumb\"},\"inLanguage\":\"en-US\",\"potentialAction\":[{\"@type\":\"ReadAction\",\"target\":[\"https:\/\/buyukcekmeceakademi.k12.tr\/en\/our-mathematics-and-coding-exhibition-was-held\/\"]}]},{\"@type\":\"ImageObject\",\"inLanguage\":\"en-US\",\"@id\":\"https:\/\/buyukcekmeceakademi.k12.tr\/en\/our-mathematics-and-coding-exhibition-was-held\/#primaryimage\",\"url\":\"https:\/\/buyukcekmeceakademi.k12.tr\/wp-content\/uploads\/2026\/03\/WhatsApp-Image-2026-03-27-at-15.22.03-1.jpeg\",\"contentUrl\":\"https:\/\/buyukcekmeceakademi.k12.tr\/wp-content\/uploads\/2026\/03\/WhatsApp-Image-2026-03-27-at-15.22.03-1.jpeg\"},{\"@type\":\"BreadcrumbList\",\"@id\":\"https:\/\/buyukcekmeceakademi.k12.tr\/en\/our-mathematics-and-coding-exhibition-was-held\/#breadcrumb\",\"itemListElement\":[{\"@type\":\"ListItem\",\"position\":1,\"name\":\"Home\",\"item\":\"https:\/\/buyukcekmeceakademi.k12.tr\/en\/\"},{\"@type\":\"ListItem\",\"position\":2,\"name\":\"OUR MATH &#038; COD\u0130NG EXH\u0130B\u0130T\u0130ON TOOK PLACE!\"}]},{\"@type\":\"WebSite\",\"@id\":\"https:\/\/buyukcekmeceakademi.k12.tr\/en\/#website\",\"url\":\"https:\/\/buyukcekmeceakademi.k12.tr\/en\/\",\"name\":\"Akademi Koleji\",\"description\":\"B\u00fcy\u00fck\u00e7ekmece Akademi \u00d6zel Okullar\u0131\",\"publisher\":{\"@id\":\"https:\/\/buyukcekmeceakademi.k12.tr\/en\/#organization\"},\"potentialAction\":[{\"@type\":\"SearchAction\",\"target\":{\"@type\":\"EntryPoint\",\"urlTemplate\":\"https:\/\/buyukcekmeceakademi.k12.tr\/en\/?s={search_term_string}\"},\"query-input\":{\"@type\":\"PropertyValueSpecification\",\"valueRequired\":true,\"valueName\":\"search_term_string\"}}],\"inLanguage\":\"en-US\"},{\"@type\":\"Organization\",\"@id\":\"https:\/\/buyukcekmeceakademi.k12.tr\/en\/#organization\",\"name\":\"Akademi Koleji\",\"url\":\"https:\/\/buyukcekmeceakademi.k12.tr\/en\/\",\"logo\":{\"@type\":\"ImageObject\",\"inLanguage\":\"en-US\",\"@id\":\"https:\/\/buyukcekmeceakademi.k12.tr\/en\/#\/schema\/logo\/image\/\",\"url\":\"https:\/\/buyukcekmeceakademi.k12.tr\/wp-content\/uploads\/2020\/02\/logo-1.png\",\"contentUrl\":\"https:\/\/buyukcekmeceakademi.k12.tr\/wp-content\/uploads\/2020\/02\/logo-1.png\",\"width\":1757,\"height\":553,\"caption\":\"Akademi Koleji\"},\"image\":{\"@id\":\"https:\/\/buyukcekmeceakademi.k12.tr\/en\/#\/schema\/logo\/image\/\"},\"sameAs\":[\"https:\/\/www.facebook.com\/akademikolej\/\",\"https:\/\/instagram.com\/buyukcekmeceakademiozelokullar\"]},{\"@type\":\"Person\",\"@id\":\"https:\/\/buyukcekmeceakademi.k12.tr\/en\/#\/schema\/person\/cab6e8c9a3c77d126003192190f2d682\",\"name\":\"Akademi\",\"image\":{\"@type\":\"ImageObject\",\"inLanguage\":\"en-US\",\"@id\":\"https:\/\/buyukcekmeceakademi.k12.tr\/en\/#\/schema\/person\/image\/\",\"url\":\"https:\/\/secure.gravatar.com\/avatar\/fd7ee0e39430b73a90d141bfcd886ffc9b1f217d5f26c034ad3a44391ed97715?s=96&d=mm&r=g\",\"contentUrl\":\"https:\/\/secure.gravatar.com\/avatar\/fd7ee0e39430b73a90d141bfcd886ffc9b1f217d5f26c034ad3a44391ed97715?s=96&d=mm&r=g\",\"caption\":\"Akademi\"},\"sameAs\":[\"https:\/\/buyukcekmeceakademi.k12.tr\"],\"url\":\"https:\/\/buyukcekmeceakademi.k12.tr\/en\/author\/Akademi\/\"}]}<\/script>\n<!-- \/ Yoast SEO plugin. -->","yoast_head_json":{"title":"OUR MATH & COD\u0130NG EXH\u0130B\u0130T\u0130ON TOOK PLACE! - Akademi Koleji","robots":{"index":"index","follow":"follow","max-snippet":"max-snippet:-1","max-image-preview":"max-image-preview:large","max-video-preview":"max-video-preview:-1"},"canonical":"https:\/\/buyukcekmeceakademi.k12.tr\/en\/our-mathematics-and-coding-exhibition-was-held\/","og_locale":"en_US","og_type":"article","og_title":"OUR MATH & COD\u0130NG EXH\u0130B\u0130T\u0130ON TOOK PLACE! - Akademi Koleji","og_description":"Our students showcased their coding projects and function cities, beautifully reflecting theircreativity and analytical thinking. By combining technology and mathematics, the exhibition offered an inspiring experience forall participants, highlighting the power of innovation and imagination.","og_url":"https:\/\/buyukcekmeceakademi.k12.tr\/en\/our-mathematics-and-coding-exhibition-was-held\/","og_site_name":"Akademi Koleji","article_publisher":"https:\/\/www.facebook.com\/akademikolej\/","article_published_time":"2026-03-28T19:43:55+00:00","article_modified_time":"2026-03-28T19:46:42+00:00","og_image":[{"width":1536,"height":2048,"url":"https:\/\/buyukcekmeceakademi.k12.tr\/wp-content\/uploads\/2026\/03\/WhatsApp-Image-2026-03-27-at-15.22.03-1.jpeg","type":"image\/jpeg"}],"author":"Akademi","twitter_card":"summary_large_image","twitter_misc":{"Written by":"Akademi","Est. reading time":"2 minutes"},"schema":{"@context":"https:\/\/schema.org","@graph":[{"@type":"Article","@id":"https:\/\/buyukcekmeceakademi.k12.tr\/en\/our-mathematics-and-coding-exhibition-was-held\/#article","isPartOf":{"@id":"https:\/\/buyukcekmeceakademi.k12.tr\/en\/our-mathematics-and-coding-exhibition-was-held\/"},"author":{"name":"Akademi","@id":"https:\/\/buyukcekmeceakademi.k12.tr\/en\/#\/schema\/person\/cab6e8c9a3c77d126003192190f2d682"},"headline":"OUR MATH &#038; COD\u0130NG EXH\u0130B\u0130T\u0130ON TOOK PLACE!","datePublished":"2026-03-28T19:43:55+00:00","dateModified":"2026-03-28T19:46:42+00:00","mainEntityOfPage":{"@id":"https:\/\/buyukcekmeceakademi.k12.tr\/en\/our-mathematics-and-coding-exhibition-was-held\/"},"wordCount":48,"publisher":{"@id":"https:\/\/buyukcekmeceakademi.k12.tr\/en\/#organization"},"image":{"@id":"https:\/\/buyukcekmeceakademi.k12.tr\/en\/our-mathematics-and-coding-exhibition-was-held\/#primaryimage"},"thumbnailUrl":"https:\/\/buyukcekmeceakademi.k12.tr\/wp-content\/uploads\/2026\/03\/WhatsApp-Image-2026-03-27-at-15.22.03-1.jpeg","articleSection":["Announcements"],"inLanguage":"en-US"},{"@type":"WebPage","@id":"https:\/\/buyukcekmeceakademi.k12.tr\/en\/our-mathematics-and-coding-exhibition-was-held\/","url":"https:\/\/buyukcekmeceakademi.k12.tr\/en\/our-mathematics-and-coding-exhibition-was-held\/","name":"OUR MATH & COD\u0130NG EXH\u0130B\u0130T\u0130ON TOOK PLACE! - Akademi Koleji","isPartOf":{"@id":"https:\/\/buyukcekmeceakademi.k12.tr\/en\/#website"},"primaryImageOfPage":{"@id":"https:\/\/buyukcekmeceakademi.k12.tr\/en\/our-mathematics-and-coding-exhibition-was-held\/#primaryimage"},"image":{"@id":"https:\/\/buyukcekmeceakademi.k12.tr\/en\/our-mathematics-and-coding-exhibition-was-held\/#primaryimage"},"thumbnailUrl":"https:\/\/buyukcekmeceakademi.k12.tr\/wp-content\/uploads\/2026\/03\/WhatsApp-Image-2026-03-27-at-15.22.03-1.jpeg","datePublished":"2026-03-28T19:43:55+00:00","dateModified":"2026-03-28T19:46:42+00:00","breadcrumb":{"@id":"https:\/\/buyukcekmeceakademi.k12.tr\/en\/our-mathematics-and-coding-exhibition-was-held\/#breadcrumb"},"inLanguage":"en-US","potentialAction":[{"@type":"ReadAction","target":["https:\/\/buyukcekmeceakademi.k12.tr\/en\/our-mathematics-and-coding-exhibition-was-held\/"]}]},{"@type":"ImageObject","inLanguage":"en-US","@id":"https:\/\/buyukcekmeceakademi.k12.tr\/en\/our-mathematics-and-coding-exhibition-was-held\/#primaryimage","url":"https:\/\/buyukcekmeceakademi.k12.tr\/wp-content\/uploads\/2026\/03\/WhatsApp-Image-2026-03-27-at-15.22.03-1.jpeg","contentUrl":"https:\/\/buyukcekmeceakademi.k12.tr\/wp-content\/uploads\/2026\/03\/WhatsApp-Image-2026-03-27-at-15.22.03-1.jpeg"},{"@type":"BreadcrumbList","@id":"https:\/\/buyukcekmeceakademi.k12.tr\/en\/our-mathematics-and-coding-exhibition-was-held\/#breadcrumb","itemListElement":[{"@type":"ListItem","position":1,"name":"Home","item":"https:\/\/buyukcekmeceakademi.k12.tr\/en\/"},{"@type":"ListItem","position":2,"name":"OUR MATH &#038; COD\u0130NG EXH\u0130B\u0130T\u0130ON TOOK PLACE!"}]},{"@type":"WebSite","@id":"https:\/\/buyukcekmeceakademi.k12.tr\/en\/#website","url":"https:\/\/buyukcekmeceakademi.k12.tr\/en\/","name":"Akademi Koleji","description":"B\u00fcy\u00fck\u00e7ekmece Akademi \u00d6zel Okullar\u0131","publisher":{"@id":"https:\/\/buyukcekmeceakademi.k12.tr\/en\/#organization"},"potentialAction":[{"@type":"SearchAction","target":{"@type":"EntryPoint","urlTemplate":"https:\/\/buyukcekmeceakademi.k12.tr\/en\/?s={search_term_string}"},"query-input":{"@type":"PropertyValueSpecification","valueRequired":true,"valueName":"search_term_string"}}],"inLanguage":"en-US"},{"@type":"Organization","@id":"https:\/\/buyukcekmeceakademi.k12.tr\/en\/#organization","name":"Akademi Koleji","url":"https:\/\/buyukcekmeceakademi.k12.tr\/en\/","logo":{"@type":"ImageObject","inLanguage":"en-US","@id":"https:\/\/buyukcekmeceakademi.k12.tr\/en\/#\/schema\/logo\/image\/","url":"https:\/\/buyukcekmeceakademi.k12.tr\/wp-content\/uploads\/2020\/02\/logo-1.png","contentUrl":"https:\/\/buyukcekmeceakademi.k12.tr\/wp-content\/uploads\/2020\/02\/logo-1.png","width":1757,"height":553,"caption":"Akademi Koleji"},"image":{"@id":"https:\/\/buyukcekmeceakademi.k12.tr\/en\/#\/schema\/logo\/image\/"},"sameAs":["https:\/\/www.facebook.com\/akademikolej\/","https:\/\/instagram.com\/buyukcekmeceakademiozelokullar"]},{"@type":"Person","@id":"https:\/\/buyukcekmeceakademi.k12.tr\/en\/#\/schema\/person\/cab6e8c9a3c77d126003192190f2d682","name":"Akademi","image":{"@type":"ImageObject","inLanguage":"en-US","@id":"https:\/\/buyukcekmeceakademi.k12.tr\/en\/#\/schema\/person\/image\/","url":"https:\/\/secure.gravatar.com\/avatar\/fd7ee0e39430b73a90d141bfcd886ffc9b1f217d5f26c034ad3a44391ed97715?s=96&d=mm&r=g","contentUrl":"https:\/\/secure.gravatar.com\/avatar\/fd7ee0e39430b73a90d141bfcd886ffc9b1f217d5f26c034ad3a44391ed97715?s=96&d=mm&r=g","caption":"Akademi"},"sameAs":["https:\/\/buyukcekmeceakademi.k12.tr"],"url":"https:\/\/buyukcekmeceakademi.k12.tr\/en\/author\/Akademi\/"}]}},"_links":{"self":[{"href":"https:\/\/buyukcekmeceakademi.k12.tr\/en\/wp-json\/wp\/v2\/posts\/992680","targetHints":{"allow":["GET"]}}],"collection":[{"href":"https:\/\/buyukcekmeceakademi.k12.tr\/en\/wp-json\/wp\/v2\/posts"}],"about":[{"href":"https:\/\/buyukcekmeceakademi.k12.tr\/en\/wp-json\/wp\/v2\/types\/post"}],"author":[{"embeddable":true,"href":"https:\/\/buyukcekmeceakademi.k12.tr\/en\/wp-json\/wp\/v2\/users\/1"}],"replies":[{"embeddable":true,"href":"https:\/\/buyukcekmeceakademi.k12.tr\/en\/wp-json\/wp\/v2\/comments?post=992680"}],"version-history":[{"count":2,"href":"https:\/\/buyukcekmeceakademi.k12.tr\/en\/wp-json\/wp\/v2\/posts\/992680\/revisions"}],"predecessor-version":[{"id":992696,"href":"https:\/\/buyukcekmeceakademi.k12.tr\/en\/wp-json\/wp\/v2\/posts\/992680\/revisions\/992696"}],"wp:attachment":[{"href":"https:\/\/buyukcekmeceakademi.k12.tr\/en\/wp-json\/wp\/v2\/media?parent=992680"}],"wp:term":[{"taxonomy":"category","embeddable":true,"href":"https:\/\/buyukcekmeceakademi.k12.tr\/en\/wp-json\/wp\/v2\/categories?post=992680"},{"taxonomy":"post_tag","embeddable":true,"href":"https:\/\/buyukcekmeceakademi.k12.tr\/en\/wp-json\/wp\/v2\/tags?post=992680"}],"curies":[{"name":"wp","href":"https:\/\/api.w.org\/{rel}","templated":true}]}}