{"id":992672,"date":"2026-03-28T22:43:13","date_gmt":"2026-03-28T19:43:13","guid":{"rendered":"https:\/\/buyukcekmeceakademi.k12.tr\/we-celebrated-world-mathematics-day-with-enthusiasm\/"},"modified":"2026-03-28T22:46:18","modified_gmt":"2026-03-28T19:46:18","slug":"we-celebrated-world-mathematics-day-with-enthusiasm","status":"publish","type":"post","link":"https:\/\/buyukcekmeceakademi.k12.tr\/en\/we-celebrated-world-mathematics-day-with-enthusiasm\/","title":{"rendered":"WE JOYFULLY CELEBRATED WORLD MATHEMAT\u0130CS DAY AT OUR SCHOOL!"},"content":{"rendered":"<div class=\"vgblk-rw-wrapper limit-wrapper\">\n<p class=\"s2\">Today was filled with inspiring and engaging activities led by our Mathematics Departmentteachers.<\/p>\n<p class=\"s2\">We began with the presentation of our T\u00dcB\u0130TAK project, \u201cFrom Mental Cycles to Nature,\u201d where our students proudly shared their scientific research. This was followed by a delightfultheatre performance with our 4th-grade students, and a beautiful piano recital that highlightedour students\u2019 artistic talents.<\/p>\n<p class=\"s2\">One of the most remarkable parts of the day was our Math &amp; Technology Exhibition, wherestudents presented their coding projects and function cities, combining creativity withanalytical thinking.<\/p>\n<p class=\"s2\">The program concluded with the exciting MATYONER competition, bringing energy andenthusiasm to the final moments of the day.<\/p>\n<p class=\"s2\">Throughout the event, our students had the opportunity to strengthen essential skills such as creativity, collaboration, and self-confidence. It was a truly enriching day\u2014both scientificallyand artistically\u2014and we couldn\u2019t be prouder of our students!<\/p>\n<p><img loading=\"lazy\" decoding=\"async\" class=\"alignnone size-full wp-image-992666\" src=\"https:\/\/buyukcekmeceakademi.k12.tr\/wp-content\/uploads\/2026\/03\/WhatsApp-Image-2026-03-27-at-14.47.59.jpeg\" alt=\"\" width=\"1200\" height=\"1600\" srcset=\"https:\/\/buyukcekmeceakademi.k12.tr\/wp-content\/uploads\/2026\/03\/WhatsApp-Image-2026-03-27-at-14.47.59.jpeg 1200w, https:\/\/buyukcekmeceakademi.k12.tr\/wp-content\/uploads\/2026\/03\/WhatsApp-Image-2026-03-27-at-14.47.59-225x300.jpeg 225w, https:\/\/buyukcekmeceakademi.k12.tr\/wp-content\/uploads\/2026\/03\/WhatsApp-Image-2026-03-27-at-14.47.59-768x1024.jpeg 768w, https:\/\/buyukcekmeceakademi.k12.tr\/wp-content\/uploads\/2026\/03\/WhatsApp-Image-2026-03-27-at-14.47.59-1152x1536.jpeg 1152w\" sizes=\"auto, (max-width: 1200px) 100vw, 1200px\" \/> <img loading=\"lazy\" decoding=\"async\" class=\"alignnone size-full wp-image-992667\" src=\"https:\/\/buyukcekmeceakademi.k12.tr\/wp-content\/uploads\/2026\/03\/WhatsApp-Image-2026-03-27-at-14.48.04-17.jpeg\" alt=\"\" width=\"1200\" height=\"1600\" srcset=\"https:\/\/buyukcekmeceakademi.k12.tr\/wp-content\/uploads\/2026\/03\/WhatsApp-Image-2026-03-27-at-14.48.04-17.jpeg 1200w, https:\/\/buyukcekmeceakademi.k12.tr\/wp-content\/uploads\/2026\/03\/WhatsApp-Image-2026-03-27-at-14.48.04-17-225x300.jpeg 225w, https:\/\/buyukcekmeceakademi.k12.tr\/wp-content\/uploads\/2026\/03\/WhatsApp-Image-2026-03-27-at-14.48.04-17-768x1024.jpeg 768w, https:\/\/buyukcekmeceakademi.k12.tr\/wp-content\/uploads\/2026\/03\/WhatsApp-Image-2026-03-27-at-14.48.04-17-1152x1536.jpeg 1152w\" sizes=\"auto, (max-width: 1200px) 100vw, 1200px\" \/> <img loading=\"lazy\" decoding=\"async\" class=\"alignnone size-full wp-image-992668\" src=\"https:\/\/buyukcekmeceakademi.k12.tr\/wp-content\/uploads\/2026\/03\/WhatsApp-Image-2026-03-27-at-14.48.05-18.jpeg\" alt=\"\" width=\"1200\" height=\"1600\" srcset=\"https:\/\/buyukcekmeceakademi.k12.tr\/wp-content\/uploads\/2026\/03\/WhatsApp-Image-2026-03-27-at-14.48.05-18.jpeg 1200w, https:\/\/buyukcekmeceakademi.k12.tr\/wp-content\/uploads\/2026\/03\/WhatsApp-Image-2026-03-27-at-14.48.05-18-225x300.jpeg 225w, https:\/\/buyukcekmeceakademi.k12.tr\/wp-content\/uploads\/2026\/03\/WhatsApp-Image-2026-03-27-at-14.48.05-18-768x1024.jpeg 768w, https:\/\/buyukcekmeceakademi.k12.tr\/wp-content\/uploads\/2026\/03\/WhatsApp-Image-2026-03-27-at-14.48.05-18-1152x1536.jpeg 1152w\" sizes=\"auto, (max-width: 1200px) 100vw, 1200px\" \/> <img loading=\"lazy\" decoding=\"async\" class=\"alignnone size-full wp-image-992669\" src=\"https:\/\/buyukcekmeceakademi.k12.tr\/wp-content\/uploads\/2026\/03\/WhatsApp-Image-2026-03-27-at-14.48.05-20.jpeg\" alt=\"\" width=\"1200\" height=\"1600\" srcset=\"https:\/\/buyukcekmeceakademi.k12.tr\/wp-content\/uploads\/2026\/03\/WhatsApp-Image-2026-03-27-at-14.48.05-20.jpeg 1200w, https:\/\/buyukcekmeceakademi.k12.tr\/wp-content\/uploads\/2026\/03\/WhatsApp-Image-2026-03-27-at-14.48.05-20-225x300.jpeg 225w, https:\/\/buyukcekmeceakademi.k12.tr\/wp-content\/uploads\/2026\/03\/WhatsApp-Image-2026-03-27-at-14.48.05-20-768x1024.jpeg 768w, https:\/\/buyukcekmeceakademi.k12.tr\/wp-content\/uploads\/2026\/03\/WhatsApp-Image-2026-03-27-at-14.48.05-20-1152x1536.jpeg 1152w\" sizes=\"auto, (max-width: 1200px) 100vw, 1200px\" \/><\/div>\n<p><!-- .vgblk-rw-wrapper --><\/p>\n","protected":false},"excerpt":{"rendered":"<p>Today was filled with inspiring and engaging activities led by our Mathematics Departmentteachers. We began with the presentation of our T\u00dcB\u0130TAK project, \u201cFrom Mental Cycles to Nature,\u201d where our students proudly shared their scientific research. This was followed by a delightfultheatre performance with our 4th-grade students, and a beautiful piano recital that highlightedour students\u2019 artistic&#8230;<\/p>\n","protected":false},"author":1,"featured_media":0,"comment_status":"closed","ping_status":"closed","sticky":false,"template":"","format":"standard","meta":{"footnotes":""},"categories":[52],"tags":[],"class_list":["post-992672","post","type-post","status-publish","format-standard","hentry","category-announcements"],"yoast_head":"<!-- This site is optimized with the Yoast SEO plugin v26.4 - https:\/\/yoast.com\/wordpress\/plugins\/seo\/ -->\n<title>WE JOYFULLY CELEBRATED WORLD MATHEMAT\u0130CS DAY AT OUR SCHOOL! - Akademi Koleji<\/title>\n<meta name=\"robots\" content=\"index, follow, max-snippet:-1, max-image-preview:large, max-video-preview:-1\" \/>\n<link rel=\"canonical\" href=\"https:\/\/buyukcekmeceakademi.k12.tr\/en\/we-celebrated-world-mathematics-day-with-enthusiasm\/\" \/>\n<meta property=\"og:locale\" content=\"en_US\" \/>\n<meta property=\"og:type\" content=\"article\" \/>\n<meta property=\"og:title\" content=\"WE JOYFULLY CELEBRATED WORLD MATHEMAT\u0130CS DAY AT OUR SCHOOL! - Akademi Koleji\" \/>\n<meta property=\"og:description\" content=\"Today was filled with inspiring and engaging activities led by our Mathematics Departmentteachers. We began with the presentation of our T\u00dcB\u0130TAK project, \u201cFrom Mental Cycles to Nature,\u201d where our students proudly shared their scientific research. This was followed by a delightfultheatre performance with our 4th-grade students, and a beautiful piano recital that highlightedour students\u2019 artistic...\" \/>\n<meta property=\"og:url\" content=\"https:\/\/buyukcekmeceakademi.k12.tr\/en\/we-celebrated-world-mathematics-day-with-enthusiasm\/\" \/>\n<meta property=\"og:site_name\" content=\"Akademi Koleji\" \/>\n<meta property=\"article:publisher\" content=\"https:\/\/www.facebook.com\/akademikolej\/\" \/>\n<meta property=\"article:published_time\" content=\"2026-03-28T19:43:13+00:00\" \/>\n<meta property=\"article:modified_time\" content=\"2026-03-28T19:46:18+00:00\" \/>\n<meta property=\"og:image\" content=\"https:\/\/buyukcekmeceakademi.k12.tr\/wp-content\/uploads\/2026\/03\/WhatsApp-Image-2026-03-27-at-14.47.59.jpeg\" \/>\n\t<meta property=\"og:image:width\" content=\"1200\" \/>\n\t<meta property=\"og:image:height\" content=\"1600\" \/>\n\t<meta property=\"og:image:type\" content=\"image\/jpeg\" \/>\n<meta name=\"author\" content=\"Akademi\" \/>\n<meta name=\"twitter:card\" content=\"summary_large_image\" \/>\n<meta name=\"twitter:label1\" content=\"Written by\" \/>\n\t<meta name=\"twitter:data1\" content=\"Akademi\" \/>\n\t<meta name=\"twitter:label2\" content=\"Est. reading time\" \/>\n\t<meta name=\"twitter:data2\" content=\"2 minutes\" \/>\n<script type=\"application\/ld+json\" class=\"yoast-schema-graph\">{\"@context\":\"https:\/\/schema.org\",\"@graph\":[{\"@type\":\"Article\",\"@id\":\"https:\/\/buyukcekmeceakademi.k12.tr\/en\/we-celebrated-world-mathematics-day-with-enthusiasm\/#article\",\"isPartOf\":{\"@id\":\"https:\/\/buyukcekmeceakademi.k12.tr\/en\/we-celebrated-world-mathematics-day-with-enthusiasm\/\"},\"author\":{\"name\":\"Akademi\",\"@id\":\"https:\/\/buyukcekmeceakademi.k12.tr\/en\/#\/schema\/person\/cab6e8c9a3c77d126003192190f2d682\"},\"headline\":\"WE JOYFULLY CELEBRATED WORLD MATHEMAT\u0130CS DAY AT OUR SCHOOL!\",\"datePublished\":\"2026-03-28T19:43:13+00:00\",\"dateModified\":\"2026-03-28T19:46:18+00:00\",\"mainEntityOfPage\":{\"@id\":\"https:\/\/buyukcekmeceakademi.k12.tr\/en\/we-celebrated-world-mathematics-day-with-enthusiasm\/\"},\"wordCount\":149,\"publisher\":{\"@id\":\"https:\/\/buyukcekmeceakademi.k12.tr\/en\/#organization\"},\"image\":{\"@id\":\"https:\/\/buyukcekmeceakademi.k12.tr\/en\/we-celebrated-world-mathematics-day-with-enthusiasm\/#primaryimage\"},\"thumbnailUrl\":\"https:\/\/buyukcekmeceakademi.k12.tr\/wp-content\/uploads\/2026\/03\/WhatsApp-Image-2026-03-27-at-14.47.59.jpeg\",\"articleSection\":[\"Announcements\"],\"inLanguage\":\"en-US\"},{\"@type\":\"WebPage\",\"@id\":\"https:\/\/buyukcekmeceakademi.k12.tr\/en\/we-celebrated-world-mathematics-day-with-enthusiasm\/\",\"url\":\"https:\/\/buyukcekmeceakademi.k12.tr\/en\/we-celebrated-world-mathematics-day-with-enthusiasm\/\",\"name\":\"WE JOYFULLY CELEBRATED WORLD MATHEMAT\u0130CS DAY AT OUR SCHOOL! - Akademi Koleji\",\"isPartOf\":{\"@id\":\"https:\/\/buyukcekmeceakademi.k12.tr\/en\/#website\"},\"primaryImageOfPage\":{\"@id\":\"https:\/\/buyukcekmeceakademi.k12.tr\/en\/we-celebrated-world-mathematics-day-with-enthusiasm\/#primaryimage\"},\"image\":{\"@id\":\"https:\/\/buyukcekmeceakademi.k12.tr\/en\/we-celebrated-world-mathematics-day-with-enthusiasm\/#primaryimage\"},\"thumbnailUrl\":\"https:\/\/buyukcekmeceakademi.k12.tr\/wp-content\/uploads\/2026\/03\/WhatsApp-Image-2026-03-27-at-14.47.59.jpeg\",\"datePublished\":\"2026-03-28T19:43:13+00:00\",\"dateModified\":\"2026-03-28T19:46:18+00:00\",\"breadcrumb\":{\"@id\":\"https:\/\/buyukcekmeceakademi.k12.tr\/en\/we-celebrated-world-mathematics-day-with-enthusiasm\/#breadcrumb\"},\"inLanguage\":\"en-US\",\"potentialAction\":[{\"@type\":\"ReadAction\",\"target\":[\"https:\/\/buyukcekmeceakademi.k12.tr\/en\/we-celebrated-world-mathematics-day-with-enthusiasm\/\"]}]},{\"@type\":\"ImageObject\",\"inLanguage\":\"en-US\",\"@id\":\"https:\/\/buyukcekmeceakademi.k12.tr\/en\/we-celebrated-world-mathematics-day-with-enthusiasm\/#primaryimage\",\"url\":\"https:\/\/buyukcekmeceakademi.k12.tr\/wp-content\/uploads\/2026\/03\/WhatsApp-Image-2026-03-27-at-14.47.59.jpeg\",\"contentUrl\":\"https:\/\/buyukcekmeceakademi.k12.tr\/wp-content\/uploads\/2026\/03\/WhatsApp-Image-2026-03-27-at-14.47.59.jpeg\"},{\"@type\":\"BreadcrumbList\",\"@id\":\"https:\/\/buyukcekmeceakademi.k12.tr\/en\/we-celebrated-world-mathematics-day-with-enthusiasm\/#breadcrumb\",\"itemListElement\":[{\"@type\":\"ListItem\",\"position\":1,\"name\":\"Home\",\"item\":\"https:\/\/buyukcekmeceakademi.k12.tr\/en\/\"},{\"@type\":\"ListItem\",\"position\":2,\"name\":\"WE JOYFULLY CELEBRATED WORLD MATHEMAT\u0130CS DAY AT OUR SCHOOL!\"}]},{\"@type\":\"WebSite\",\"@id\":\"https:\/\/buyukcekmeceakademi.k12.tr\/en\/#website\",\"url\":\"https:\/\/buyukcekmeceakademi.k12.tr\/en\/\",\"name\":\"Akademi Koleji\",\"description\":\"B\u00fcy\u00fck\u00e7ekmece Akademi \u00d6zel Okullar\u0131\",\"publisher\":{\"@id\":\"https:\/\/buyukcekmeceakademi.k12.tr\/en\/#organization\"},\"potentialAction\":[{\"@type\":\"SearchAction\",\"target\":{\"@type\":\"EntryPoint\",\"urlTemplate\":\"https:\/\/buyukcekmeceakademi.k12.tr\/en\/?s={search_term_string}\"},\"query-input\":{\"@type\":\"PropertyValueSpecification\",\"valueRequired\":true,\"valueName\":\"search_term_string\"}}],\"inLanguage\":\"en-US\"},{\"@type\":\"Organization\",\"@id\":\"https:\/\/buyukcekmeceakademi.k12.tr\/en\/#organization\",\"name\":\"Akademi Koleji\",\"url\":\"https:\/\/buyukcekmeceakademi.k12.tr\/en\/\",\"logo\":{\"@type\":\"ImageObject\",\"inLanguage\":\"en-US\",\"@id\":\"https:\/\/buyukcekmeceakademi.k12.tr\/en\/#\/schema\/logo\/image\/\",\"url\":\"https:\/\/buyukcekmeceakademi.k12.tr\/wp-content\/uploads\/2020\/02\/logo-1.png\",\"contentUrl\":\"https:\/\/buyukcekmeceakademi.k12.tr\/wp-content\/uploads\/2020\/02\/logo-1.png\",\"width\":1757,\"height\":553,\"caption\":\"Akademi Koleji\"},\"image\":{\"@id\":\"https:\/\/buyukcekmeceakademi.k12.tr\/en\/#\/schema\/logo\/image\/\"},\"sameAs\":[\"https:\/\/www.facebook.com\/akademikolej\/\",\"https:\/\/instagram.com\/buyukcekmeceakademiozelokullar\"]},{\"@type\":\"Person\",\"@id\":\"https:\/\/buyukcekmeceakademi.k12.tr\/en\/#\/schema\/person\/cab6e8c9a3c77d126003192190f2d682\",\"name\":\"Akademi\",\"image\":{\"@type\":\"ImageObject\",\"inLanguage\":\"en-US\",\"@id\":\"https:\/\/buyukcekmeceakademi.k12.tr\/en\/#\/schema\/person\/image\/\",\"url\":\"https:\/\/secure.gravatar.com\/avatar\/fd7ee0e39430b73a90d141bfcd886ffc9b1f217d5f26c034ad3a44391ed97715?s=96&d=mm&r=g\",\"contentUrl\":\"https:\/\/secure.gravatar.com\/avatar\/fd7ee0e39430b73a90d141bfcd886ffc9b1f217d5f26c034ad3a44391ed97715?s=96&d=mm&r=g\",\"caption\":\"Akademi\"},\"sameAs\":[\"https:\/\/buyukcekmeceakademi.k12.tr\"],\"url\":\"https:\/\/buyukcekmeceakademi.k12.tr\/en\/author\/Akademi\/\"}]}<\/script>\n<!-- \/ Yoast SEO plugin. -->","yoast_head_json":{"title":"WE JOYFULLY CELEBRATED WORLD MATHEMAT\u0130CS DAY AT OUR SCHOOL! - Akademi Koleji","robots":{"index":"index","follow":"follow","max-snippet":"max-snippet:-1","max-image-preview":"max-image-preview:large","max-video-preview":"max-video-preview:-1"},"canonical":"https:\/\/buyukcekmeceakademi.k12.tr\/en\/we-celebrated-world-mathematics-day-with-enthusiasm\/","og_locale":"en_US","og_type":"article","og_title":"WE JOYFULLY CELEBRATED WORLD MATHEMAT\u0130CS DAY AT OUR SCHOOL! - Akademi Koleji","og_description":"Today was filled with inspiring and engaging activities led by our Mathematics Departmentteachers. We began with the presentation of our T\u00dcB\u0130TAK project, \u201cFrom Mental Cycles to Nature,\u201d where our students proudly shared their scientific research. This was followed by a delightfultheatre performance with our 4th-grade students, and a beautiful piano recital that highlightedour students\u2019 artistic...","og_url":"https:\/\/buyukcekmeceakademi.k12.tr\/en\/we-celebrated-world-mathematics-day-with-enthusiasm\/","og_site_name":"Akademi Koleji","article_publisher":"https:\/\/www.facebook.com\/akademikolej\/","article_published_time":"2026-03-28T19:43:13+00:00","article_modified_time":"2026-03-28T19:46:18+00:00","og_image":[{"width":1200,"height":1600,"url":"https:\/\/buyukcekmeceakademi.k12.tr\/wp-content\/uploads\/2026\/03\/WhatsApp-Image-2026-03-27-at-14.47.59.jpeg","type":"image\/jpeg"}],"author":"Akademi","twitter_card":"summary_large_image","twitter_misc":{"Written by":"Akademi","Est. reading time":"2 minutes"},"schema":{"@context":"https:\/\/schema.org","@graph":[{"@type":"Article","@id":"https:\/\/buyukcekmeceakademi.k12.tr\/en\/we-celebrated-world-mathematics-day-with-enthusiasm\/#article","isPartOf":{"@id":"https:\/\/buyukcekmeceakademi.k12.tr\/en\/we-celebrated-world-mathematics-day-with-enthusiasm\/"},"author":{"name":"Akademi","@id":"https:\/\/buyukcekmeceakademi.k12.tr\/en\/#\/schema\/person\/cab6e8c9a3c77d126003192190f2d682"},"headline":"WE JOYFULLY CELEBRATED WORLD MATHEMAT\u0130CS DAY AT OUR SCHOOL!","datePublished":"2026-03-28T19:43:13+00:00","dateModified":"2026-03-28T19:46:18+00:00","mainEntityOfPage":{"@id":"https:\/\/buyukcekmeceakademi.k12.tr\/en\/we-celebrated-world-mathematics-day-with-enthusiasm\/"},"wordCount":149,"publisher":{"@id":"https:\/\/buyukcekmeceakademi.k12.tr\/en\/#organization"},"image":{"@id":"https:\/\/buyukcekmeceakademi.k12.tr\/en\/we-celebrated-world-mathematics-day-with-enthusiasm\/#primaryimage"},"thumbnailUrl":"https:\/\/buyukcekmeceakademi.k12.tr\/wp-content\/uploads\/2026\/03\/WhatsApp-Image-2026-03-27-at-14.47.59.jpeg","articleSection":["Announcements"],"inLanguage":"en-US"},{"@type":"WebPage","@id":"https:\/\/buyukcekmeceakademi.k12.tr\/en\/we-celebrated-world-mathematics-day-with-enthusiasm\/","url":"https:\/\/buyukcekmeceakademi.k12.tr\/en\/we-celebrated-world-mathematics-day-with-enthusiasm\/","name":"WE JOYFULLY CELEBRATED WORLD MATHEMAT\u0130CS DAY AT OUR SCHOOL! - Akademi Koleji","isPartOf":{"@id":"https:\/\/buyukcekmeceakademi.k12.tr\/en\/#website"},"primaryImageOfPage":{"@id":"https:\/\/buyukcekmeceakademi.k12.tr\/en\/we-celebrated-world-mathematics-day-with-enthusiasm\/#primaryimage"},"image":{"@id":"https:\/\/buyukcekmeceakademi.k12.tr\/en\/we-celebrated-world-mathematics-day-with-enthusiasm\/#primaryimage"},"thumbnailUrl":"https:\/\/buyukcekmeceakademi.k12.tr\/wp-content\/uploads\/2026\/03\/WhatsApp-Image-2026-03-27-at-14.47.59.jpeg","datePublished":"2026-03-28T19:43:13+00:00","dateModified":"2026-03-28T19:46:18+00:00","breadcrumb":{"@id":"https:\/\/buyukcekmeceakademi.k12.tr\/en\/we-celebrated-world-mathematics-day-with-enthusiasm\/#breadcrumb"},"inLanguage":"en-US","potentialAction":[{"@type":"ReadAction","target":["https:\/\/buyukcekmeceakademi.k12.tr\/en\/we-celebrated-world-mathematics-day-with-enthusiasm\/"]}]},{"@type":"ImageObject","inLanguage":"en-US","@id":"https:\/\/buyukcekmeceakademi.k12.tr\/en\/we-celebrated-world-mathematics-day-with-enthusiasm\/#primaryimage","url":"https:\/\/buyukcekmeceakademi.k12.tr\/wp-content\/uploads\/2026\/03\/WhatsApp-Image-2026-03-27-at-14.47.59.jpeg","contentUrl":"https:\/\/buyukcekmeceakademi.k12.tr\/wp-content\/uploads\/2026\/03\/WhatsApp-Image-2026-03-27-at-14.47.59.jpeg"},{"@type":"BreadcrumbList","@id":"https:\/\/buyukcekmeceakademi.k12.tr\/en\/we-celebrated-world-mathematics-day-with-enthusiasm\/#breadcrumb","itemListElement":[{"@type":"ListItem","position":1,"name":"Home","item":"https:\/\/buyukcekmeceakademi.k12.tr\/en\/"},{"@type":"ListItem","position":2,"name":"WE JOYFULLY CELEBRATED WORLD MATHEMAT\u0130CS DAY AT OUR SCHOOL!"}]},{"@type":"WebSite","@id":"https:\/\/buyukcekmeceakademi.k12.tr\/en\/#website","url":"https:\/\/buyukcekmeceakademi.k12.tr\/en\/","name":"Akademi Koleji","description":"B\u00fcy\u00fck\u00e7ekmece Akademi \u00d6zel Okullar\u0131","publisher":{"@id":"https:\/\/buyukcekmeceakademi.k12.tr\/en\/#organization"},"potentialAction":[{"@type":"SearchAction","target":{"@type":"EntryPoint","urlTemplate":"https:\/\/buyukcekmeceakademi.k12.tr\/en\/?s={search_term_string}"},"query-input":{"@type":"PropertyValueSpecification","valueRequired":true,"valueName":"search_term_string"}}],"inLanguage":"en-US"},{"@type":"Organization","@id":"https:\/\/buyukcekmeceakademi.k12.tr\/en\/#organization","name":"Akademi Koleji","url":"https:\/\/buyukcekmeceakademi.k12.tr\/en\/","logo":{"@type":"ImageObject","inLanguage":"en-US","@id":"https:\/\/buyukcekmeceakademi.k12.tr\/en\/#\/schema\/logo\/image\/","url":"https:\/\/buyukcekmeceakademi.k12.tr\/wp-content\/uploads\/2020\/02\/logo-1.png","contentUrl":"https:\/\/buyukcekmeceakademi.k12.tr\/wp-content\/uploads\/2020\/02\/logo-1.png","width":1757,"height":553,"caption":"Akademi Koleji"},"image":{"@id":"https:\/\/buyukcekmeceakademi.k12.tr\/en\/#\/schema\/logo\/image\/"},"sameAs":["https:\/\/www.facebook.com\/akademikolej\/","https:\/\/instagram.com\/buyukcekmeceakademiozelokullar"]},{"@type":"Person","@id":"https:\/\/buyukcekmeceakademi.k12.tr\/en\/#\/schema\/person\/cab6e8c9a3c77d126003192190f2d682","name":"Akademi","image":{"@type":"ImageObject","inLanguage":"en-US","@id":"https:\/\/buyukcekmeceakademi.k12.tr\/en\/#\/schema\/person\/image\/","url":"https:\/\/secure.gravatar.com\/avatar\/fd7ee0e39430b73a90d141bfcd886ffc9b1f217d5f26c034ad3a44391ed97715?s=96&d=mm&r=g","contentUrl":"https:\/\/secure.gravatar.com\/avatar\/fd7ee0e39430b73a90d141bfcd886ffc9b1f217d5f26c034ad3a44391ed97715?s=96&d=mm&r=g","caption":"Akademi"},"sameAs":["https:\/\/buyukcekmeceakademi.k12.tr"],"url":"https:\/\/buyukcekmeceakademi.k12.tr\/en\/author\/Akademi\/"}]}},"_links":{"self":[{"href":"https:\/\/buyukcekmeceakademi.k12.tr\/en\/wp-json\/wp\/v2\/posts\/992672","targetHints":{"allow":["GET"]}}],"collection":[{"href":"https:\/\/buyukcekmeceakademi.k12.tr\/en\/wp-json\/wp\/v2\/posts"}],"about":[{"href":"https:\/\/buyukcekmeceakademi.k12.tr\/en\/wp-json\/wp\/v2\/types\/post"}],"author":[{"embeddable":true,"href":"https:\/\/buyukcekmeceakademi.k12.tr\/en\/wp-json\/wp\/v2\/users\/1"}],"replies":[{"embeddable":true,"href":"https:\/\/buyukcekmeceakademi.k12.tr\/en\/wp-json\/wp\/v2\/comments?post=992672"}],"version-history":[{"count":2,"href":"https:\/\/buyukcekmeceakademi.k12.tr\/en\/wp-json\/wp\/v2\/posts\/992672\/revisions"}],"predecessor-version":[{"id":992691,"href":"https:\/\/buyukcekmeceakademi.k12.tr\/en\/wp-json\/wp\/v2\/posts\/992672\/revisions\/992691"}],"wp:attachment":[{"href":"https:\/\/buyukcekmeceakademi.k12.tr\/en\/wp-json\/wp\/v2\/media?parent=992672"}],"wp:term":[{"taxonomy":"category","embeddable":true,"href":"https:\/\/buyukcekmeceakademi.k12.tr\/en\/wp-json\/wp\/v2\/categories?post=992672"},{"taxonomy":"post_tag","embeddable":true,"href":"https:\/\/buyukcekmeceakademi.k12.tr\/en\/wp-json\/wp\/v2\/tags?post=992672"}],"curies":[{"name":"wp","href":"https:\/\/api.w.org\/{rel}","templated":true}]}}