{"id":991180,"date":"2024-10-29T21:05:27","date_gmt":"2024-10-29T18:05:27","guid":{"rendered":"https:\/\/buyukcekmeceakademi.k12.tr\/republic-day\/"},"modified":"2025-10-08T05:15:07","modified_gmt":"2025-10-08T02:15:07","slug":"republic-day","status":"publish","type":"post","link":"https:\/\/buyukcekmeceakademi.k12.tr\/en\/republic-day\/","title":{"rendered":"REPUBLIC DAY"},"content":{"rendered":"<div class=\"vgblk-rw-wrapper limit-wrapper\">At our school, the first of our October 29 Republic Day celebration programs began with stage performances by our 3rd graders. This event, filled with drama performances, speech choirs, poems, music, and marches, was greatly appreciated by the parents and other students in the auditorium. We congratulate our 3rd-grade students and teachers who took part in this event.  <\/p>\n<p><img loading=\"lazy\" decoding=\"async\" class=\"alignnone size-full wp-image-990759\" src=\"https:\/\/buyukcekmeceakademi.k12.tr\/wp-content\/uploads\/2024\/10\/WhatsApp-Image-2024-10-28-at-11.37.47.jpeg\" alt=\"\" width=\"2048\" height=\"1536\" srcset=\"https:\/\/buyukcekmeceakademi.k12.tr\/wp-content\/uploads\/2024\/10\/WhatsApp-Image-2024-10-28-at-11.37.47.jpeg 2048w, https:\/\/buyukcekmeceakademi.k12.tr\/wp-content\/uploads\/2024\/10\/WhatsApp-Image-2024-10-28-at-11.37.47-300x225.jpeg 300w, https:\/\/buyukcekmeceakademi.k12.tr\/wp-content\/uploads\/2024\/10\/WhatsApp-Image-2024-10-28-at-11.37.47-1024x768.jpeg 1024w, https:\/\/buyukcekmeceakademi.k12.tr\/wp-content\/uploads\/2024\/10\/WhatsApp-Image-2024-10-28-at-11.37.47-768x576.jpeg 768w, https:\/\/buyukcekmeceakademi.k12.tr\/wp-content\/uploads\/2024\/10\/WhatsApp-Image-2024-10-28-at-11.37.47-1536x1152.jpeg 1536w\" sizes=\"auto, (max-width: 2048px) 100vw, 2048px\" \/> <img loading=\"lazy\" decoding=\"async\" class=\"alignnone size-full wp-image-990760\" src=\"https:\/\/buyukcekmeceakademi.k12.tr\/wp-content\/uploads\/2024\/10\/WhatsApp-Image-2024-10-28-at-11.37.54.jpeg\" alt=\"\" width=\"1536\" height=\"2048\" srcset=\"https:\/\/buyukcekmeceakademi.k12.tr\/wp-content\/uploads\/2024\/10\/WhatsApp-Image-2024-10-28-at-11.37.54.jpeg 1536w, https:\/\/buyukcekmeceakademi.k12.tr\/wp-content\/uploads\/2024\/10\/WhatsApp-Image-2024-10-28-at-11.37.54-225x300.jpeg 225w, https:\/\/buyukcekmeceakademi.k12.tr\/wp-content\/uploads\/2024\/10\/WhatsApp-Image-2024-10-28-at-11.37.54-768x1024.jpeg 768w, https:\/\/buyukcekmeceakademi.k12.tr\/wp-content\/uploads\/2024\/10\/WhatsApp-Image-2024-10-28-at-11.37.54-1152x1536.jpeg 1152w\" sizes=\"auto, (max-width: 1536px) 100vw, 1536px\" \/><\/div>\n<p><!-- .vgblk-rw-wrapper --><\/p>\n","protected":false},"excerpt":{"rendered":"<p>At our school, the first of our October 29 Republic Day celebration programs began with stage performances by our 3rd graders. This event, filled with drama performances, speech choirs, poems, music, and marches, was greatly appreciated by the parents and other students in the auditorium. We congratulate our 3rd-grade students and teachers who took part&#8230;<\/p>\n","protected":false},"author":1,"featured_media":0,"comment_status":"closed","ping_status":"closed","sticky":false,"template":"","format":"standard","meta":{"footnotes":""},"categories":[52],"tags":[],"class_list":["post-991180","post","type-post","status-publish","format-standard","hentry","category-announcements"],"yoast_head":"<!-- This site is optimized with the Yoast SEO plugin v26.4 - https:\/\/yoast.com\/wordpress\/plugins\/seo\/ -->\n<title>REPUBLIC DAY - Akademi Koleji<\/title>\n<meta name=\"robots\" content=\"index, follow, max-snippet:-1, max-image-preview:large, max-video-preview:-1\" \/>\n<link rel=\"canonical\" href=\"https:\/\/buyukcekmeceakademi.k12.tr\/en\/republic-day\/\" \/>\n<meta property=\"og:locale\" content=\"en_US\" \/>\n<meta property=\"og:type\" content=\"article\" \/>\n<meta property=\"og:title\" content=\"REPUBLIC DAY - Akademi Koleji\" \/>\n<meta property=\"og:description\" content=\"At our school, the first of our October 29 Republic Day celebration programs began with stage performances by our 3rd graders. This event, filled with drama performances, speech choirs, poems, music, and marches, was greatly appreciated by the parents and other students in the auditorium. We congratulate our 3rd-grade students and teachers who took part...\" \/>\n<meta property=\"og:url\" content=\"https:\/\/buyukcekmeceakademi.k12.tr\/en\/republic-day\/\" \/>\n<meta property=\"og:site_name\" content=\"Akademi Koleji\" \/>\n<meta property=\"article:publisher\" content=\"https:\/\/www.facebook.com\/akademikolej\/\" \/>\n<meta property=\"article:published_time\" content=\"2024-10-29T18:05:27+00:00\" \/>\n<meta property=\"article:modified_time\" content=\"2025-10-08T02:15:07+00:00\" \/>\n<meta property=\"og:image\" content=\"https:\/\/buyukcekmeceakademi.k12.tr\/wp-content\/uploads\/2024\/10\/WhatsApp-Image-2024-10-28-at-11.37.47.jpeg\" \/>\n<meta name=\"author\" content=\"Akademi\" \/>\n<meta name=\"twitter:card\" content=\"summary_large_image\" \/>\n<meta name=\"twitter:label1\" content=\"Written by\" \/>\n\t<meta name=\"twitter:data1\" content=\"Akademi\" \/>\n<script type=\"application\/ld+json\" class=\"yoast-schema-graph\">{\"@context\":\"https:\/\/schema.org\",\"@graph\":[{\"@type\":\"Article\",\"@id\":\"https:\/\/buyukcekmeceakademi.k12.tr\/en\/republic-day\/#article\",\"isPartOf\":{\"@id\":\"https:\/\/buyukcekmeceakademi.k12.tr\/en\/republic-day\/\"},\"author\":{\"name\":\"Akademi\",\"@id\":\"https:\/\/buyukcekmeceakademi.k12.tr\/en\/#\/schema\/person\/cab6e8c9a3c77d126003192190f2d682\"},\"headline\":\"REPUBLIC DAY\",\"datePublished\":\"2024-10-29T18:05:27+00:00\",\"dateModified\":\"2025-10-08T02:15:07+00:00\",\"mainEntityOfPage\":{\"@id\":\"https:\/\/buyukcekmeceakademi.k12.tr\/en\/republic-day\/\"},\"wordCount\":59,\"publisher\":{\"@id\":\"https:\/\/buyukcekmeceakademi.k12.tr\/en\/#organization\"},\"image\":{\"@id\":\"https:\/\/buyukcekmeceakademi.k12.tr\/en\/republic-day\/#primaryimage\"},\"thumbnailUrl\":\"https:\/\/buyukcekmeceakademi.k12.tr\/wp-content\/uploads\/2024\/10\/WhatsApp-Image-2024-10-28-at-11.37.47.jpeg\",\"articleSection\":[\"Announcements\"],\"inLanguage\":\"en-US\"},{\"@type\":\"WebPage\",\"@id\":\"https:\/\/buyukcekmeceakademi.k12.tr\/en\/republic-day\/\",\"url\":\"https:\/\/buyukcekmeceakademi.k12.tr\/en\/republic-day\/\",\"name\":\"REPUBLIC DAY - Akademi Koleji\",\"isPartOf\":{\"@id\":\"https:\/\/buyukcekmeceakademi.k12.tr\/en\/#website\"},\"primaryImageOfPage\":{\"@id\":\"https:\/\/buyukcekmeceakademi.k12.tr\/en\/republic-day\/#primaryimage\"},\"image\":{\"@id\":\"https:\/\/buyukcekmeceakademi.k12.tr\/en\/republic-day\/#primaryimage\"},\"thumbnailUrl\":\"https:\/\/buyukcekmeceakademi.k12.tr\/wp-content\/uploads\/2024\/10\/WhatsApp-Image-2024-10-28-at-11.37.47.jpeg\",\"datePublished\":\"2024-10-29T18:05:27+00:00\",\"dateModified\":\"2025-10-08T02:15:07+00:00\",\"breadcrumb\":{\"@id\":\"https:\/\/buyukcekmeceakademi.k12.tr\/en\/republic-day\/#breadcrumb\"},\"inLanguage\":\"en-US\",\"potentialAction\":[{\"@type\":\"ReadAction\",\"target\":[\"https:\/\/buyukcekmeceakademi.k12.tr\/en\/republic-day\/\"]}]},{\"@type\":\"ImageObject\",\"inLanguage\":\"en-US\",\"@id\":\"https:\/\/buyukcekmeceakademi.k12.tr\/en\/republic-day\/#primaryimage\",\"url\":\"https:\/\/buyukcekmeceakademi.k12.tr\/wp-content\/uploads\/2024\/10\/WhatsApp-Image-2024-10-28-at-11.37.47.jpeg\",\"contentUrl\":\"https:\/\/buyukcekmeceakademi.k12.tr\/wp-content\/uploads\/2024\/10\/WhatsApp-Image-2024-10-28-at-11.37.47.jpeg\"},{\"@type\":\"BreadcrumbList\",\"@id\":\"https:\/\/buyukcekmeceakademi.k12.tr\/en\/republic-day\/#breadcrumb\",\"itemListElement\":[{\"@type\":\"ListItem\",\"position\":1,\"name\":\"Home\",\"item\":\"https:\/\/buyukcekmeceakademi.k12.tr\/en\/\"},{\"@type\":\"ListItem\",\"position\":2,\"name\":\"REPUBLIC DAY\"}]},{\"@type\":\"WebSite\",\"@id\":\"https:\/\/buyukcekmeceakademi.k12.tr\/en\/#website\",\"url\":\"https:\/\/buyukcekmeceakademi.k12.tr\/en\/\",\"name\":\"Akademi Koleji\",\"description\":\"B\u00fcy\u00fck\u00e7ekmece Akademi \u00d6zel Okullar\u0131\",\"publisher\":{\"@id\":\"https:\/\/buyukcekmeceakademi.k12.tr\/en\/#organization\"},\"potentialAction\":[{\"@type\":\"SearchAction\",\"target\":{\"@type\":\"EntryPoint\",\"urlTemplate\":\"https:\/\/buyukcekmeceakademi.k12.tr\/en\/?s={search_term_string}\"},\"query-input\":{\"@type\":\"PropertyValueSpecification\",\"valueRequired\":true,\"valueName\":\"search_term_string\"}}],\"inLanguage\":\"en-US\"},{\"@type\":\"Organization\",\"@id\":\"https:\/\/buyukcekmeceakademi.k12.tr\/en\/#organization\",\"name\":\"Akademi Koleji\",\"url\":\"https:\/\/buyukcekmeceakademi.k12.tr\/en\/\",\"logo\":{\"@type\":\"ImageObject\",\"inLanguage\":\"en-US\",\"@id\":\"https:\/\/buyukcekmeceakademi.k12.tr\/en\/#\/schema\/logo\/image\/\",\"url\":\"https:\/\/buyukcekmeceakademi.k12.tr\/wp-content\/uploads\/2020\/02\/logo-1.png\",\"contentUrl\":\"https:\/\/buyukcekmeceakademi.k12.tr\/wp-content\/uploads\/2020\/02\/logo-1.png\",\"width\":1757,\"height\":553,\"caption\":\"Akademi Koleji\"},\"image\":{\"@id\":\"https:\/\/buyukcekmeceakademi.k12.tr\/en\/#\/schema\/logo\/image\/\"},\"sameAs\":[\"https:\/\/www.facebook.com\/akademikolej\/\",\"https:\/\/instagram.com\/buyukcekmeceakademiozelokullar\"]},{\"@type\":\"Person\",\"@id\":\"https:\/\/buyukcekmeceakademi.k12.tr\/en\/#\/schema\/person\/cab6e8c9a3c77d126003192190f2d682\",\"name\":\"Akademi\",\"image\":{\"@type\":\"ImageObject\",\"inLanguage\":\"en-US\",\"@id\":\"https:\/\/buyukcekmeceakademi.k12.tr\/en\/#\/schema\/person\/image\/\",\"url\":\"https:\/\/secure.gravatar.com\/avatar\/fd7ee0e39430b73a90d141bfcd886ffc9b1f217d5f26c034ad3a44391ed97715?s=96&d=mm&r=g\",\"contentUrl\":\"https:\/\/secure.gravatar.com\/avatar\/fd7ee0e39430b73a90d141bfcd886ffc9b1f217d5f26c034ad3a44391ed97715?s=96&d=mm&r=g\",\"caption\":\"Akademi\"},\"sameAs\":[\"https:\/\/buyukcekmeceakademi.k12.tr\"],\"url\":\"https:\/\/buyukcekmeceakademi.k12.tr\/en\/author\/Akademi\/\"}]}<\/script>\n<!-- \/ Yoast SEO plugin. -->","yoast_head_json":{"title":"REPUBLIC DAY - Akademi Koleji","robots":{"index":"index","follow":"follow","max-snippet":"max-snippet:-1","max-image-preview":"max-image-preview:large","max-video-preview":"max-video-preview:-1"},"canonical":"https:\/\/buyukcekmeceakademi.k12.tr\/en\/republic-day\/","og_locale":"en_US","og_type":"article","og_title":"REPUBLIC DAY - Akademi Koleji","og_description":"At our school, the first of our October 29 Republic Day celebration programs began with stage performances by our 3rd graders. This event, filled with drama performances, speech choirs, poems, music, and marches, was greatly appreciated by the parents and other students in the auditorium. We congratulate our 3rd-grade students and teachers who took part...","og_url":"https:\/\/buyukcekmeceakademi.k12.tr\/en\/republic-day\/","og_site_name":"Akademi Koleji","article_publisher":"https:\/\/www.facebook.com\/akademikolej\/","article_published_time":"2024-10-29T18:05:27+00:00","article_modified_time":"2025-10-08T02:15:07+00:00","og_image":[{"url":"https:\/\/buyukcekmeceakademi.k12.tr\/wp-content\/uploads\/2024\/10\/WhatsApp-Image-2024-10-28-at-11.37.47.jpeg","type":"","width":"","height":""}],"author":"Akademi","twitter_card":"summary_large_image","twitter_misc":{"Written by":"Akademi"},"schema":{"@context":"https:\/\/schema.org","@graph":[{"@type":"Article","@id":"https:\/\/buyukcekmeceakademi.k12.tr\/en\/republic-day\/#article","isPartOf":{"@id":"https:\/\/buyukcekmeceakademi.k12.tr\/en\/republic-day\/"},"author":{"name":"Akademi","@id":"https:\/\/buyukcekmeceakademi.k12.tr\/en\/#\/schema\/person\/cab6e8c9a3c77d126003192190f2d682"},"headline":"REPUBLIC DAY","datePublished":"2024-10-29T18:05:27+00:00","dateModified":"2025-10-08T02:15:07+00:00","mainEntityOfPage":{"@id":"https:\/\/buyukcekmeceakademi.k12.tr\/en\/republic-day\/"},"wordCount":59,"publisher":{"@id":"https:\/\/buyukcekmeceakademi.k12.tr\/en\/#organization"},"image":{"@id":"https:\/\/buyukcekmeceakademi.k12.tr\/en\/republic-day\/#primaryimage"},"thumbnailUrl":"https:\/\/buyukcekmeceakademi.k12.tr\/wp-content\/uploads\/2024\/10\/WhatsApp-Image-2024-10-28-at-11.37.47.jpeg","articleSection":["Announcements"],"inLanguage":"en-US"},{"@type":"WebPage","@id":"https:\/\/buyukcekmeceakademi.k12.tr\/en\/republic-day\/","url":"https:\/\/buyukcekmeceakademi.k12.tr\/en\/republic-day\/","name":"REPUBLIC DAY - Akademi Koleji","isPartOf":{"@id":"https:\/\/buyukcekmeceakademi.k12.tr\/en\/#website"},"primaryImageOfPage":{"@id":"https:\/\/buyukcekmeceakademi.k12.tr\/en\/republic-day\/#primaryimage"},"image":{"@id":"https:\/\/buyukcekmeceakademi.k12.tr\/en\/republic-day\/#primaryimage"},"thumbnailUrl":"https:\/\/buyukcekmeceakademi.k12.tr\/wp-content\/uploads\/2024\/10\/WhatsApp-Image-2024-10-28-at-11.37.47.jpeg","datePublished":"2024-10-29T18:05:27+00:00","dateModified":"2025-10-08T02:15:07+00:00","breadcrumb":{"@id":"https:\/\/buyukcekmeceakademi.k12.tr\/en\/republic-day\/#breadcrumb"},"inLanguage":"en-US","potentialAction":[{"@type":"ReadAction","target":["https:\/\/buyukcekmeceakademi.k12.tr\/en\/republic-day\/"]}]},{"@type":"ImageObject","inLanguage":"en-US","@id":"https:\/\/buyukcekmeceakademi.k12.tr\/en\/republic-day\/#primaryimage","url":"https:\/\/buyukcekmeceakademi.k12.tr\/wp-content\/uploads\/2024\/10\/WhatsApp-Image-2024-10-28-at-11.37.47.jpeg","contentUrl":"https:\/\/buyukcekmeceakademi.k12.tr\/wp-content\/uploads\/2024\/10\/WhatsApp-Image-2024-10-28-at-11.37.47.jpeg"},{"@type":"BreadcrumbList","@id":"https:\/\/buyukcekmeceakademi.k12.tr\/en\/republic-day\/#breadcrumb","itemListElement":[{"@type":"ListItem","position":1,"name":"Home","item":"https:\/\/buyukcekmeceakademi.k12.tr\/en\/"},{"@type":"ListItem","position":2,"name":"REPUBLIC DAY"}]},{"@type":"WebSite","@id":"https:\/\/buyukcekmeceakademi.k12.tr\/en\/#website","url":"https:\/\/buyukcekmeceakademi.k12.tr\/en\/","name":"Akademi Koleji","description":"B\u00fcy\u00fck\u00e7ekmece Akademi \u00d6zel Okullar\u0131","publisher":{"@id":"https:\/\/buyukcekmeceakademi.k12.tr\/en\/#organization"},"potentialAction":[{"@type":"SearchAction","target":{"@type":"EntryPoint","urlTemplate":"https:\/\/buyukcekmeceakademi.k12.tr\/en\/?s={search_term_string}"},"query-input":{"@type":"PropertyValueSpecification","valueRequired":true,"valueName":"search_term_string"}}],"inLanguage":"en-US"},{"@type":"Organization","@id":"https:\/\/buyukcekmeceakademi.k12.tr\/en\/#organization","name":"Akademi Koleji","url":"https:\/\/buyukcekmeceakademi.k12.tr\/en\/","logo":{"@type":"ImageObject","inLanguage":"en-US","@id":"https:\/\/buyukcekmeceakademi.k12.tr\/en\/#\/schema\/logo\/image\/","url":"https:\/\/buyukcekmeceakademi.k12.tr\/wp-content\/uploads\/2020\/02\/logo-1.png","contentUrl":"https:\/\/buyukcekmeceakademi.k12.tr\/wp-content\/uploads\/2020\/02\/logo-1.png","width":1757,"height":553,"caption":"Akademi Koleji"},"image":{"@id":"https:\/\/buyukcekmeceakademi.k12.tr\/en\/#\/schema\/logo\/image\/"},"sameAs":["https:\/\/www.facebook.com\/akademikolej\/","https:\/\/instagram.com\/buyukcekmeceakademiozelokullar"]},{"@type":"Person","@id":"https:\/\/buyukcekmeceakademi.k12.tr\/en\/#\/schema\/person\/cab6e8c9a3c77d126003192190f2d682","name":"Akademi","image":{"@type":"ImageObject","inLanguage":"en-US","@id":"https:\/\/buyukcekmeceakademi.k12.tr\/en\/#\/schema\/person\/image\/","url":"https:\/\/secure.gravatar.com\/avatar\/fd7ee0e39430b73a90d141bfcd886ffc9b1f217d5f26c034ad3a44391ed97715?s=96&d=mm&r=g","contentUrl":"https:\/\/secure.gravatar.com\/avatar\/fd7ee0e39430b73a90d141bfcd886ffc9b1f217d5f26c034ad3a44391ed97715?s=96&d=mm&r=g","caption":"Akademi"},"sameAs":["https:\/\/buyukcekmeceakademi.k12.tr"],"url":"https:\/\/buyukcekmeceakademi.k12.tr\/en\/author\/Akademi\/"}]}},"_links":{"self":[{"href":"https:\/\/buyukcekmeceakademi.k12.tr\/en\/wp-json\/wp\/v2\/posts\/991180","targetHints":{"allow":["GET"]}}],"collection":[{"href":"https:\/\/buyukcekmeceakademi.k12.tr\/en\/wp-json\/wp\/v2\/posts"}],"about":[{"href":"https:\/\/buyukcekmeceakademi.k12.tr\/en\/wp-json\/wp\/v2\/types\/post"}],"author":[{"embeddable":true,"href":"https:\/\/buyukcekmeceakademi.k12.tr\/en\/wp-json\/wp\/v2\/users\/1"}],"replies":[{"embeddable":true,"href":"https:\/\/buyukcekmeceakademi.k12.tr\/en\/wp-json\/wp\/v2\/comments?post=991180"}],"version-history":[{"count":1,"href":"https:\/\/buyukcekmeceakademi.k12.tr\/en\/wp-json\/wp\/v2\/posts\/991180\/revisions"}],"predecessor-version":[{"id":991189,"href":"https:\/\/buyukcekmeceakademi.k12.tr\/en\/wp-json\/wp\/v2\/posts\/991180\/revisions\/991189"}],"wp:attachment":[{"href":"https:\/\/buyukcekmeceakademi.k12.tr\/en\/wp-json\/wp\/v2\/media?parent=991180"}],"wp:term":[{"taxonomy":"category","embeddable":true,"href":"https:\/\/buyukcekmeceakademi.k12.tr\/en\/wp-json\/wp\/v2\/categories?post=991180"},{"taxonomy":"post_tag","embeddable":true,"href":"https:\/\/buyukcekmeceakademi.k12.tr\/en\/wp-json\/wp\/v2\/tags?post=991180"}],"curies":[{"name":"wp","href":"https:\/\/api.w.org\/{rel}","templated":true}]}}